{"id":971,"date":"2008-01-08T22:43:18","date_gmt":"2008-01-08T22:43:18","guid":{"rendered":"http:\/\/blogs.thesocialmedia.com\/leblogmoto\/2008\/01\/08\/le-givi-x01-cas\/"},"modified":"2012-07-11T15:10:56","modified_gmt":"2012-07-11T15:10:56","slug":"le-givi-x01-cas","status":"publish","type":"post","link":"https:\/\/blogs.thesocialmedia.com\/leblogmoto\/2008\/01\/08\/le-givi-x01-cas\/","title":{"rendered":"Le Givi X.01, casque \u00ab\u00a0\u00e9volutionnaire\u00a0\u00bb et surtout int\u00e9gral."},"content":{"rendered":"<p><a href=\"http:\/\/blogs.thesocialmedia.com\/leblogmoto\/files\/2012\/07\/moto_casques_givi_x01_black.jpg\"><img loading=\"lazy\" decoding=\"async\" width=\"470\" height=\"320\"  alt=\"Moto_casques_givi_x01_black\" src=\"http:\/\/www.leblogmoto.com\/images\/2008\/01\/08\/moto_casques_givi_x01_black.jpg\" \/><\/a><\/p>\n<p>Livr\u00e9 avec 2 mentonni\u00e8res interchangeables, l&rsquo;une a\u00e9r\u00e9e et estivale, l&rsquo;autre hivernale, plus protectrice, le <a href=\"http:\/\/www.givi.fr\/caschi_borse_bauli_accessori.asp?CO_ID=24001\">X.01<\/a> est certainement appel\u00e9 \u00e0 un beau succ\u00e8s de vente. Car contrairement \u00e0 de nombreux modulaires, sa mentonni\u00e8re ne se rel\u00e8ve donc pas, mais se remplace. R\u00e9sultat, le m\u00e9canisme de transformation s&rsquo;en trouve simplifi\u00e9 et sensiblement all\u00e9g\u00e9: 1490 g, soit 200 g de moins qu&rsquo;un modulaire classique, voire 300, face \u00e0 l&rsquo;<a href=\"http:\/\/www.leblogmoto.com\/2007\/11\/le-evoline-de-s.html\">EvoLine de Shark<\/a>. Mais ce ne sont pas l\u00e0 ses seuls avantages. <\/p>\n<p>La protection d&rsquo;un int\u00e9gral (et homologu\u00e9 comme tel) en hiver, alli\u00e9e \u00e0 l&rsquo;<a href=\"http:\/\/www.leblogmoto.com\/2007\/12\/ide-cadeau-le-c.html\">a\u00e9ration d&rsquo;un jet<\/a> en \u00e9t\u00e9, telles sont les caract\u00e9ristiques d&rsquo;appel du X.01.<\/p>\n<p>Mais aussi son \u00e9cran incolore est trait\u00e9 anti-rayure et anti-bu\u00e9e, de plus il dispose d&rsquo;un \u00e9cran solaire int\u00e9gr\u00e9, rabattu et visible sur ces deux photos. Je ne vais pas revenir sur l&rsquo;agr\u00e9able avantage et confort consid\u00e9rable que procure cette possibilit\u00e9 en cette saison, j&rsquo;\u00e9tais revenu dessus au sujet du <a href=\"http:\/\/www.leblogmoto.com\/2007\/12\/ide-cadeau-le-c.html\">Denim de Nexx<\/a>, et m\u00eame quand je n&rsquo;\u00e9tais pas encore r\u00e9dacteur sur ce blog, mais commentateur <a href=\"http:\/\/www.leblogmoto.com\/2007\/08\/scorpio-exo-sha.html\">ici<\/a> (Gr\u00e9gory avait souvent d\u00fb supporter mes interventions intempestives, merci \u00e0 lui).<\/p>\n<p><a href=\"http:\/\/clabedan.typepad.com\/.shared\/image.html?\/photos\/uncategorized\/2008\/01\/08\/moto_casques_givi_x01_grey.jpg\"><img loading=\"lazy\" decoding=\"async\" width=\"470\" height=\"302\"  src=\"http:\/\/www.leblogmoto.com\/images\/2008\/01\/08\/moto_casques_givi_x01_grey.jpg\" alt=\"Moto_casques_givi_x01_grey\" \/><\/a><br \/>Concernant sa ventilation, l&rsquo;\u00e9change d&rsquo;air est assur\u00e9 par deux prises sur la partie sup\u00e9rieure de la calotte en polycarbonate Lexan. Esp\u00e9rons qu&rsquo;il y ait un simple \u00e9coulement d&rsquo;air et pas une v\u00e9ritable aspiration, contrairement \u00e0 de nombreux casque de marques dont nous tairons le nom, et qui forcent parfois leur utilisateur \u00e0 porter des bouchons d&rsquo;oreille quand ils sont sur l&rsquo;autoroute, pour \u00e9viter d&rsquo;avoir la t\u00eate en chaudron ou de finir sourd.<\/p>\n<p>Il est disponible en deux finitions l&rsquo;une noire (noir mat plus exactement) et l&rsquo;autre en gris argent, pour pr\u00e8s de 320 \u20ac et dans un \u00e9ventail large de tailles, du XS au XL. <\/p>\n","protected":false},"excerpt":{"rendered":"<p>Livr\u00e9 avec 2 mentonni\u00e8res interchangeables, l&rsquo;une a\u00e9r\u00e9e et estivale, l&rsquo;autre hivernale, plus protectrice, le X.01 est certainement appel\u00e9 \u00e0 un beau succ\u00e8s de vente. Car contrairement \u00e0 de nombreux modulaires, sa mentonni\u00e8re ne se rel\u00e8ve donc pas, mais se remplace. R\u00e9sultat, le m\u00e9canisme de transformation s&rsquo;en trouve simplifi\u00e9 et sensiblement all\u00e9g\u00e9: 1490 g, soit 200 [&hellip;]<\/p>\n","protected":false},"author":324,"featured_media":0,"comment_status":"open","ping_status":"open","sticky":false,"template":"","format":"standard","meta":{"footnotes":""},"categories":[3,8,27],"tags":[],"class_list":["post-971","post","type-post","status-publish","format-standard","hentry","category-actualite","category-chaines-et-cuirs","category-securite"],"yoast_head":"<!-- This site is optimized with the Yoast SEO plugin v26.0 - https:\/\/yoast.com\/wordpress\/plugins\/seo\/ -->\n<title>Le Givi X.01, casque &quot;\u00e9volutionnaire&quot; et surtout int\u00e9gral. - leblogmoto.com<\/title>\n<meta name=\"robots\" content=\"index, follow, max-snippet:-1, max-image-preview:large, max-video-preview:-1\" \/>\n<link rel=\"canonical\" href=\"https:\/\/blogs.thesocialmedia.com\/leblogmoto\/2008\/01\/08\/le-givi-x01-cas\/\" \/>\n<meta name=\"twitter:card\" content=\"summary_large_image\" \/>\n<meta name=\"twitter:title\" content=\"Le Givi X.01, casque &quot;\u00e9volutionnaire&quot; et surtout int\u00e9gral. - leblogmoto.com\" \/>\n<meta name=\"twitter:description\" content=\"Livr\u00e9 avec 2 mentonni\u00e8res interchangeables, l&rsquo;une a\u00e9r\u00e9e et estivale, l&rsquo;autre hivernale, plus protectrice, le X.01 est certainement appel\u00e9 \u00e0 un beau succ\u00e8s de vente. Car contrairement \u00e0 de nombreux modulaires, sa mentonni\u00e8re ne se rel\u00e8ve donc pas, mais se remplace. R\u00e9sultat, le m\u00e9canisme de transformation s&rsquo;en trouve simplifi\u00e9 et sensiblement all\u00e9g\u00e9: 1490 g, soit 200 [&hellip;]\" \/>\n<meta name=\"twitter:image\" content=\"http:\/\/www.leblogmoto.com\/images\/2008\/01\/08\/moto_casques_givi_x01_black.jpg\" \/>\n<meta name=\"twitter:label1\" content=\"\u00c9crit par\" \/>\n\t<meta name=\"twitter:data1\" content=\"benoit rieu\" \/>\n\t<meta name=\"twitter:label2\" content=\"Dur\u00e9e de lecture estim\u00e9e\" \/>\n\t<meta name=\"twitter:data2\" content=\"1 minute\" \/>\n<script type=\"application\/ld+json\" class=\"yoast-schema-graph\">{\"@context\":\"https:\/\/schema.org\",\"@graph\":[{\"@type\":\"WebPage\",\"@id\":\"https:\/\/blogs.thesocialmedia.com\/leblogmoto\/2008\/01\/08\/le-givi-x01-cas\/\",\"url\":\"https:\/\/blogs.thesocialmedia.com\/leblogmoto\/2008\/01\/08\/le-givi-x01-cas\/\",\"name\":\"Le Givi X.01, casque \\\"\u00e9volutionnaire\\\" et surtout int\u00e9gral. - leblogmoto.com\",\"isPartOf\":{\"@id\":\"https:\/\/blogs.thesocialmedia.com\/leblogmoto\/#website\"},\"primaryImageOfPage\":{\"@id\":\"https:\/\/blogs.thesocialmedia.com\/leblogmoto\/2008\/01\/08\/le-givi-x01-cas\/#primaryimage\"},\"image\":{\"@id\":\"https:\/\/blogs.thesocialmedia.com\/leblogmoto\/2008\/01\/08\/le-givi-x01-cas\/#primaryimage\"},\"thumbnailUrl\":\"http:\/\/www.leblogmoto.com\/images\/2008\/01\/08\/moto_casques_givi_x01_black.jpg\",\"datePublished\":\"2008-01-08T22:43:18+00:00\",\"dateModified\":\"2012-07-11T15:10:56+00:00\",\"author\":{\"@id\":\"https:\/\/blogs.thesocialmedia.com\/leblogmoto\/#\/schema\/person\/18bfe773e5725ed6d24f743da805362a\"},\"breadcrumb\":{\"@id\":\"https:\/\/blogs.thesocialmedia.com\/leblogmoto\/2008\/01\/08\/le-givi-x01-cas\/#breadcrumb\"},\"inLanguage\":\"fr-FR\",\"potentialAction\":[{\"@type\":\"ReadAction\",\"target\":[\"https:\/\/blogs.thesocialmedia.com\/leblogmoto\/2008\/01\/08\/le-givi-x01-cas\/\"]}]},{\"@type\":\"ImageObject\",\"inLanguage\":\"fr-FR\",\"@id\":\"https:\/\/blogs.thesocialmedia.com\/leblogmoto\/2008\/01\/08\/le-givi-x01-cas\/#primaryimage\",\"url\":\"http:\/\/www.leblogmoto.com\/images\/2008\/01\/08\/moto_casques_givi_x01_black.jpg\",\"contentUrl\":\"http:\/\/www.leblogmoto.com\/images\/2008\/01\/08\/moto_casques_givi_x01_black.jpg\"},{\"@type\":\"BreadcrumbList\",\"@id\":\"https:\/\/blogs.thesocialmedia.com\/leblogmoto\/2008\/01\/08\/le-givi-x01-cas\/#breadcrumb\",\"itemListElement\":[{\"@type\":\"ListItem\",\"position\":1,\"name\":\"Accueil\",\"item\":\"https:\/\/blogs.thesocialmedia.com\/leblogmoto\/\"},{\"@type\":\"ListItem\",\"position\":2,\"name\":\"Le Givi X.01, casque \u00ab\u00a0\u00e9volutionnaire\u00a0\u00bb et surtout int\u00e9gral.\"}]},{\"@type\":\"WebSite\",\"@id\":\"https:\/\/blogs.thesocialmedia.com\/leblogmoto\/#website\",\"url\":\"https:\/\/blogs.thesocialmedia.com\/leblogmoto\/\",\"name\":\"leblogmoto\",\"description\":\"Toute l&#039;actualit\u00e9 des 2 roues\",\"potentialAction\":[{\"@type\":\"SearchAction\",\"target\":{\"@type\":\"EntryPoint\",\"urlTemplate\":\"https:\/\/blogs.thesocialmedia.com\/leblogmoto\/?s={search_term_string}\"},\"query-input\":{\"@type\":\"PropertyValueSpecification\",\"valueRequired\":true,\"valueName\":\"search_term_string\"}}],\"inLanguage\":\"fr-FR\"},{\"@type\":\"Person\",\"@id\":\"https:\/\/blogs.thesocialmedia.com\/leblogmoto\/#\/schema\/person\/18bfe773e5725ed6d24f743da805362a\",\"name\":\"benoit rieu\",\"image\":{\"@type\":\"ImageObject\",\"inLanguage\":\"fr-FR\",\"@id\":\"https:\/\/blogs.thesocialmedia.com\/leblogmoto\/#\/schema\/person\/image\/\",\"url\":\"https:\/\/secure.gravatar.com\/avatar\/?s=96&d=mm&r=g\",\"contentUrl\":\"https:\/\/secure.gravatar.com\/avatar\/?s=96&d=mm&r=g\",\"caption\":\"benoit rieu\"},\"url\":\"https:\/\/blogs.thesocialmedia.com\/leblogmoto\/author\/benoit-rieu\/\"}]}<\/script>\n<!-- \/ Yoast SEO plugin. -->","yoast_head_json":{"title":"Le Givi X.01, casque \"\u00e9volutionnaire\" et surtout int\u00e9gral. - leblogmoto.com","robots":{"index":"index","follow":"follow","max-snippet":"max-snippet:-1","max-image-preview":"max-image-preview:large","max-video-preview":"max-video-preview:-1"},"canonical":"https:\/\/blogs.thesocialmedia.com\/leblogmoto\/2008\/01\/08\/le-givi-x01-cas\/","twitter_card":"summary_large_image","twitter_title":"Le Givi X.01, casque \"\u00e9volutionnaire\" et surtout int\u00e9gral. - leblogmoto.com","twitter_description":"Livr\u00e9 avec 2 mentonni\u00e8res interchangeables, l&rsquo;une a\u00e9r\u00e9e et estivale, l&rsquo;autre hivernale, plus protectrice, le X.01 est certainement appel\u00e9 \u00e0 un beau succ\u00e8s de vente. Car contrairement \u00e0 de nombreux modulaires, sa mentonni\u00e8re ne se rel\u00e8ve donc pas, mais se remplace. R\u00e9sultat, le m\u00e9canisme de transformation s&rsquo;en trouve simplifi\u00e9 et sensiblement all\u00e9g\u00e9: 1490 g, soit 200 [&hellip;]","twitter_image":"http:\/\/www.leblogmoto.com\/images\/2008\/01\/08\/moto_casques_givi_x01_black.jpg","twitter_misc":{"\u00c9crit par":"benoit rieu","Dur\u00e9e de lecture estim\u00e9e":"1 minute"},"schema":{"@context":"https:\/\/schema.org","@graph":[{"@type":"WebPage","@id":"https:\/\/blogs.thesocialmedia.com\/leblogmoto\/2008\/01\/08\/le-givi-x01-cas\/","url":"https:\/\/blogs.thesocialmedia.com\/leblogmoto\/2008\/01\/08\/le-givi-x01-cas\/","name":"Le Givi X.01, casque \"\u00e9volutionnaire\" et surtout int\u00e9gral. - leblogmoto.com","isPartOf":{"@id":"https:\/\/blogs.thesocialmedia.com\/leblogmoto\/#website"},"primaryImageOfPage":{"@id":"https:\/\/blogs.thesocialmedia.com\/leblogmoto\/2008\/01\/08\/le-givi-x01-cas\/#primaryimage"},"image":{"@id":"https:\/\/blogs.thesocialmedia.com\/leblogmoto\/2008\/01\/08\/le-givi-x01-cas\/#primaryimage"},"thumbnailUrl":"http:\/\/www.leblogmoto.com\/images\/2008\/01\/08\/moto_casques_givi_x01_black.jpg","datePublished":"2008-01-08T22:43:18+00:00","dateModified":"2012-07-11T15:10:56+00:00","author":{"@id":"https:\/\/blogs.thesocialmedia.com\/leblogmoto\/#\/schema\/person\/18bfe773e5725ed6d24f743da805362a"},"breadcrumb":{"@id":"https:\/\/blogs.thesocialmedia.com\/leblogmoto\/2008\/01\/08\/le-givi-x01-cas\/#breadcrumb"},"inLanguage":"fr-FR","potentialAction":[{"@type":"ReadAction","target":["https:\/\/blogs.thesocialmedia.com\/leblogmoto\/2008\/01\/08\/le-givi-x01-cas\/"]}]},{"@type":"ImageObject","inLanguage":"fr-FR","@id":"https:\/\/blogs.thesocialmedia.com\/leblogmoto\/2008\/01\/08\/le-givi-x01-cas\/#primaryimage","url":"http:\/\/www.leblogmoto.com\/images\/2008\/01\/08\/moto_casques_givi_x01_black.jpg","contentUrl":"http:\/\/www.leblogmoto.com\/images\/2008\/01\/08\/moto_casques_givi_x01_black.jpg"},{"@type":"BreadcrumbList","@id":"https:\/\/blogs.thesocialmedia.com\/leblogmoto\/2008\/01\/08\/le-givi-x01-cas\/#breadcrumb","itemListElement":[{"@type":"ListItem","position":1,"name":"Accueil","item":"https:\/\/blogs.thesocialmedia.com\/leblogmoto\/"},{"@type":"ListItem","position":2,"name":"Le Givi X.01, casque \u00ab\u00a0\u00e9volutionnaire\u00a0\u00bb et surtout int\u00e9gral."}]},{"@type":"WebSite","@id":"https:\/\/blogs.thesocialmedia.com\/leblogmoto\/#website","url":"https:\/\/blogs.thesocialmedia.com\/leblogmoto\/","name":"leblogmoto","description":"Toute l&#039;actualit\u00e9 des 2 roues","potentialAction":[{"@type":"SearchAction","target":{"@type":"EntryPoint","urlTemplate":"https:\/\/blogs.thesocialmedia.com\/leblogmoto\/?s={search_term_string}"},"query-input":{"@type":"PropertyValueSpecification","valueRequired":true,"valueName":"search_term_string"}}],"inLanguage":"fr-FR"},{"@type":"Person","@id":"https:\/\/blogs.thesocialmedia.com\/leblogmoto\/#\/schema\/person\/18bfe773e5725ed6d24f743da805362a","name":"benoit rieu","image":{"@type":"ImageObject","inLanguage":"fr-FR","@id":"https:\/\/blogs.thesocialmedia.com\/leblogmoto\/#\/schema\/person\/image\/","url":"https:\/\/secure.gravatar.com\/avatar\/?s=96&d=mm&r=g","contentUrl":"https:\/\/secure.gravatar.com\/avatar\/?s=96&d=mm&r=g","caption":"benoit rieu"},"url":"https:\/\/blogs.thesocialmedia.com\/leblogmoto\/author\/benoit-rieu\/"}]}},"_links":{"self":[{"href":"https:\/\/blogs.thesocialmedia.com\/leblogmoto\/wp-json\/wp\/v2\/posts\/971","targetHints":{"allow":["GET"]}}],"collection":[{"href":"https:\/\/blogs.thesocialmedia.com\/leblogmoto\/wp-json\/wp\/v2\/posts"}],"about":[{"href":"https:\/\/blogs.thesocialmedia.com\/leblogmoto\/wp-json\/wp\/v2\/types\/post"}],"author":[{"embeddable":true,"href":"https:\/\/blogs.thesocialmedia.com\/leblogmoto\/wp-json\/wp\/v2\/users\/324"}],"replies":[{"embeddable":true,"href":"https:\/\/blogs.thesocialmedia.com\/leblogmoto\/wp-json\/wp\/v2\/comments?post=971"}],"version-history":[{"count":2,"href":"https:\/\/blogs.thesocialmedia.com\/leblogmoto\/wp-json\/wp\/v2\/posts\/971\/revisions"}],"predecessor-version":[{"id":9613,"href":"https:\/\/blogs.thesocialmedia.com\/leblogmoto\/wp-json\/wp\/v2\/posts\/971\/revisions\/9613"}],"wp:attachment":[{"href":"https:\/\/blogs.thesocialmedia.com\/leblogmoto\/wp-json\/wp\/v2\/media?parent=971"}],"wp:term":[{"taxonomy":"category","embeddable":true,"href":"https:\/\/blogs.thesocialmedia.com\/leblogmoto\/wp-json\/wp\/v2\/categories?post=971"},{"taxonomy":"post_tag","embeddable":true,"href":"https:\/\/blogs.thesocialmedia.com\/leblogmoto\/wp-json\/wp\/v2\/tags?post=971"}],"curies":[{"name":"wp","href":"https:\/\/api.w.org\/{rel}","templated":true}]}}