{"id":972,"date":"2008-01-08T04:24:24","date_gmt":"2008-01-08T04:24:24","guid":{"rendered":"http:\/\/blogs.thesocialmedia.com\/leblogmoto\/2008\/01\/08\/adrien-brody-de\/"},"modified":"2012-07-11T15:10:55","modified_gmt":"2012-07-11T15:10:55","slug":"adrien-brody-de","status":"publish","type":"post","link":"https:\/\/blogs.thesocialmedia.com\/leblogmoto\/2008\/01\/08\/adrien-brody-de\/","title":{"rendered":"Adrien Brody, deux roues sur terre et presque au ciel"},"content":{"rendered":"<p><span style=\"text-decoration: underline\"><a href=\"http:\/\/blogs.thesocialmedia.com\/leblogmoto\/files\/2012\/07\/brody2_2.jpg\"><img loading=\"lazy\" decoding=\"async\" width=\"470\" height=\"281\"  src=\"http:\/\/www.leblogmoto.com\/images\/2008\/01\/07\/brody2_2.jpg\" alt=\"Brody2_2\" \/><\/a> <\/p>\n<p><\/span>L&rsquo;acteur oscaris\u00e9 en 2003 pour le film de Roman Polanski, \u00abLe pianiste\u00bb, est non seulement le plus jeune acteur \u00e0 avoir remport\u00e9 la c\u00e9l\u00e8bre statuette ainsi que le C\u00e9sar pour ce m\u00eame film, mais il est avant tout, un motard passionn\u00e9.<\/p>\n<p><a href=\"http:\/\/blogs.thesocialmedia.com\/leblogmoto\/files\/2012\/07\/film.jpg\"><img loading=\"lazy\" decoding=\"async\" width=\"470\" height=\"195\"  src=\"http:\/\/www.leblogmoto.com\/images\/2008\/01\/07\/film.jpg\" alt=\"Film\" \/><\/a> <\/p>\n<p>Alors que sort sur les \u00e9crans le dernier film du particulier cin\u00e9aste Wes Anderson, \u00abThe Darjeeling Limited\u00bb, o\u00f9 l&rsquo;on voit un <a href=\"http:\/\/fr.wikipedia.org\/wiki\/Adrien_Brody\">Adrian Brody<\/a> emmen\u00e9 joyeusement ses comparses Owen Wilson et Jason Schwartzman sur une <a href=\"http:\/\/www.herohonda.com\/\">Honda Hero<\/a>, l&rsquo;acteur pr\u00e9f\u00e8re dans le civil son petit scooter Yamaha Vino.<br \/>\u00c7a, c&rsquo;est pour les rues achaland\u00e9es du Rajasthan ou de Los Angeles. Mais quand vient le temps de prendre la cl\u00e9 des champs, ce sont sa <a href=\"http:\/\/www.yamaha-motor.fr\/produits\/motos\/supersport\/yzfr1.jsp\">R1<\/a> noire ou son <a href=\"http:\/\/www.yamaha-motor.ca\/products\/products.php?model=2385&amp;class=2&amp;group=M|&amp;LANG=fr\">Star Roadliner<\/a> qu&rsquo;il chevauche. D&rsquo;ailleurs, pour continuer avec l&rsquo;analogie agricole (on y reviendra encore un peu plus loin), c&rsquo;est en cavalier noir qu&rsquo;il aime se voir. Sa R1 est d&rsquo;ailleurs \u00e0 cette image, mince avec un profil rac\u00e9. Le superflu a \u00e9t\u00e9 enlev\u00e9, la fibre de carbone et des roues de <a href=\"http:\/\/www.performancemachine.com\/\">Performance Machine<\/a> ont \u00e9t\u00e9 install\u00e9es, tout comme un syst\u00e8me d&rsquo;\u00e9chappement de course, GTYR. Et comme il en a fait une machine casse-gueule, il roule seul sur les petites routes tortueuses des montagnes autour de L.A. Pour les randonn\u00e9es familiales, il y a la Roadliner.<\/p>\n<p><a href=\"http:\/\/clabedan.typepad.com\/.shared\/image.html?\/photos\/uncategorized\/2008\/01\/07\/bullet_350_stratford_sidecar.jpg\"><img loading=\"lazy\" decoding=\"async\" width=\"470\" height=\"299\"  src=\"http:\/\/www.leblogmoto.com\/images\/2008\/01\/07\/bullet_350_stratford_sidecar.jpg\" alt=\"Bullet_350_stratford_sidecar\" \/><\/a> <\/p>\n<p>D\u00e9j\u00e0 familier avec l&rsquo;environnement indien, o\u00f9 il s&rsquo;\u00e9tait, lors d&rsquo;un pr\u00e9c\u00e9dent voyage, procur\u00e9 une <a href=\"http:\/\/www.royalenfield.com\/app\/IN\/\">Enfeild Bullet 500<\/a> avec side-car dans le but de l&rsquo;importer aux \u00c9tats-Unis, mais la machine n&rsquo;est jamais sortie de son pays, ce qui lui a permis de l&rsquo;utiliser pendant son s\u00e9jour pour le tournage du film. Il raconte d&rsquo;ailleurs volontiers qu&rsquo;il crut vivre son dernier jour au guidon de l&rsquo;Enfield. Acc\u00e9l\u00e9rant pour d\u00e9passer un <a href=\"http:\/\/fr.wikipedia.org\/wiki\/Tuk_Tuk\">Tuk Tuk<\/a>, il se retrouvant en d\u00e9bo\u00eetant face \u00e0 une vache, qui, au milieu de la chauss\u00e9e, vaquait \u00e0 ses occupations journali\u00e8res. Seul un freinage d&rsquo;urgence l&#8217;emp\u00eacha de se retrouver le nez dans le derri\u00e8re du sacr\u00e9 ruminant. Ce d\u00e9nouement cocasse lui rappela son seul accident de moto, en 1992, qui le laissa sur le carreau pour de longues semaines apr\u00e8s qu&rsquo;il eu frapp\u00e9 de plein fouet une auto dont le conducteur avait \u00e9t\u00e9 optimiste sur le feu orange.<br \/>Ce n&rsquo;est que r\u00e9cemment, en 2003, que pour c\u00e9l\u00e9brer ses 30 ans et son Oscar, un ami lui offrit un Monster de Ducati. Il jugea qu&rsquo;un tel pr\u00e9sent ne se refusait pas, ce qui, apr\u00e8s toutes ces ann\u00e9es pass\u00e9es loin des deux roues, car il est aussi fan fini des muscles cars et autres dragsters, le ramena \u00e0 cet autre amour jadis d\u00e9laiss\u00e9.<br \/>Parlant d&rsquo;amour, pour qui ne serait pas abonn\u00e9 aux derniers potins, la dame a son bras est l&rsquo;actrice, un peu, et starlette, beaucoup, <a href=\"http:\/\/www.elsapataky.com\/\">Elsa Pataky<\/a>.<br \/><a href=\"http:\/\/clabedan.typepad.com\/.shared\/image.html?\/photos\/uncategorized\/2008\/01\/07\/jpg_virtualyamahar1tuning.jpg\"><img loading=\"lazy\" decoding=\"async\" width=\"470\" height=\"352\"  src=\"http:\/\/www.leblogmoto.com\/images\/2008\/01\/07\/jpg_virtualyamahar1tuning.jpg\" alt=\"Jpg_virtualyamahar1tuning\" \/><\/a> <br \/><a href=\"http:\/\/blogs.thesocialmedia.com\/leblogmoto\/files\/2012\/07\/06_roadliner_blk_3_mid.jpg\"><img loading=\"lazy\" decoding=\"async\" width=\"470\" height=\"314\"  src=\"http:\/\/www.leblogmoto.com\/images\/2008\/01\/07\/06_roadliner_blk_3_mid.jpg\" alt=\"06_roadliner_blk_3_mid\" \/><\/a> <\/p>\n","protected":false},"excerpt":{"rendered":"<p>L&rsquo;acteur oscaris\u00e9 en 2003 pour le film de Roman Polanski, \u00abLe pianiste\u00bb, est non seulement le plus jeune acteur \u00e0 avoir remport\u00e9 la c\u00e9l\u00e8bre statuette ainsi que le C\u00e9sar pour ce m\u00eame film, mais il est avant tout, un motard passionn\u00e9. Alors que sort sur les \u00e9crans le dernier film du particulier cin\u00e9aste Wes Anderson, [&hellip;]<\/p>\n","protected":false},"author":325,"featured_media":0,"comment_status":"open","ping_status":"open","sticky":false,"template":"","format":"standard","meta":{"footnotes":""},"categories":[3,41,14,19,63,44],"tags":[],"class_list":["post-972","post","type-post","status-publish","format-standard","hentry","category-actualite","category-ducati","category-honda","category-scooter","category-side-car","category-yamaha"],"yoast_head":"<!-- This site is optimized with the Yoast SEO plugin v26.0 - https:\/\/yoast.com\/wordpress\/plugins\/seo\/ -->\n<title>Adrien Brody, deux roues sur terre et presque au ciel - leblogmoto.com<\/title>\n<meta name=\"robots\" content=\"index, follow, max-snippet:-1, max-image-preview:large, max-video-preview:-1\" \/>\n<link rel=\"canonical\" href=\"https:\/\/blogs.thesocialmedia.com\/leblogmoto\/2008\/01\/08\/adrien-brody-de\/\" \/>\n<meta name=\"twitter:card\" content=\"summary_large_image\" \/>\n<meta name=\"twitter:title\" content=\"Adrien Brody, deux roues sur terre et presque au ciel - leblogmoto.com\" \/>\n<meta name=\"twitter:description\" content=\"L&rsquo;acteur oscaris\u00e9 en 2003 pour le film de Roman Polanski, \u00abLe pianiste\u00bb, est non seulement le plus jeune acteur \u00e0 avoir remport\u00e9 la c\u00e9l\u00e8bre statuette ainsi que le C\u00e9sar pour ce m\u00eame film, mais il est avant tout, un motard passionn\u00e9. Alors que sort sur les \u00e9crans le dernier film du particulier cin\u00e9aste Wes Anderson, [&hellip;]\" \/>\n<meta name=\"twitter:image\" content=\"http:\/\/www.leblogmoto.com\/images\/2008\/01\/07\/brody2_2.jpg\" \/>\n<meta name=\"twitter:label1\" content=\"\u00c9crit par\" \/>\n\t<meta name=\"twitter:data1\" content=\"jacques lesage\" \/>\n\t<meta name=\"twitter:label2\" content=\"Dur\u00e9e de lecture estim\u00e9e\" \/>\n\t<meta name=\"twitter:data2\" content=\"2 minutes\" \/>\n<script type=\"application\/ld+json\" class=\"yoast-schema-graph\">{\"@context\":\"https:\/\/schema.org\",\"@graph\":[{\"@type\":\"WebPage\",\"@id\":\"https:\/\/blogs.thesocialmedia.com\/leblogmoto\/2008\/01\/08\/adrien-brody-de\/\",\"url\":\"https:\/\/blogs.thesocialmedia.com\/leblogmoto\/2008\/01\/08\/adrien-brody-de\/\",\"name\":\"Adrien Brody, deux roues sur terre et presque au ciel - leblogmoto.com\",\"isPartOf\":{\"@id\":\"https:\/\/blogs.thesocialmedia.com\/leblogmoto\/#website\"},\"primaryImageOfPage\":{\"@id\":\"https:\/\/blogs.thesocialmedia.com\/leblogmoto\/2008\/01\/08\/adrien-brody-de\/#primaryimage\"},\"image\":{\"@id\":\"https:\/\/blogs.thesocialmedia.com\/leblogmoto\/2008\/01\/08\/adrien-brody-de\/#primaryimage\"},\"thumbnailUrl\":\"http:\/\/www.leblogmoto.com\/images\/2008\/01\/07\/brody2_2.jpg\",\"datePublished\":\"2008-01-08T04:24:24+00:00\",\"dateModified\":\"2012-07-11T15:10:55+00:00\",\"author\":{\"@id\":\"https:\/\/blogs.thesocialmedia.com\/leblogmoto\/#\/schema\/person\/e82a0ca8a9a63d031586097a3ed58526\"},\"breadcrumb\":{\"@id\":\"https:\/\/blogs.thesocialmedia.com\/leblogmoto\/2008\/01\/08\/adrien-brody-de\/#breadcrumb\"},\"inLanguage\":\"fr-FR\",\"potentialAction\":[{\"@type\":\"ReadAction\",\"target\":[\"https:\/\/blogs.thesocialmedia.com\/leblogmoto\/2008\/01\/08\/adrien-brody-de\/\"]}]},{\"@type\":\"ImageObject\",\"inLanguage\":\"fr-FR\",\"@id\":\"https:\/\/blogs.thesocialmedia.com\/leblogmoto\/2008\/01\/08\/adrien-brody-de\/#primaryimage\",\"url\":\"http:\/\/www.leblogmoto.com\/images\/2008\/01\/07\/brody2_2.jpg\",\"contentUrl\":\"http:\/\/www.leblogmoto.com\/images\/2008\/01\/07\/brody2_2.jpg\"},{\"@type\":\"BreadcrumbList\",\"@id\":\"https:\/\/blogs.thesocialmedia.com\/leblogmoto\/2008\/01\/08\/adrien-brody-de\/#breadcrumb\",\"itemListElement\":[{\"@type\":\"ListItem\",\"position\":1,\"name\":\"Accueil\",\"item\":\"https:\/\/blogs.thesocialmedia.com\/leblogmoto\/\"},{\"@type\":\"ListItem\",\"position\":2,\"name\":\"Adrien Brody, deux roues sur terre et presque au ciel\"}]},{\"@type\":\"WebSite\",\"@id\":\"https:\/\/blogs.thesocialmedia.com\/leblogmoto\/#website\",\"url\":\"https:\/\/blogs.thesocialmedia.com\/leblogmoto\/\",\"name\":\"leblogmoto\",\"description\":\"Toute l&#039;actualit\u00e9 des 2 roues\",\"potentialAction\":[{\"@type\":\"SearchAction\",\"target\":{\"@type\":\"EntryPoint\",\"urlTemplate\":\"https:\/\/blogs.thesocialmedia.com\/leblogmoto\/?s={search_term_string}\"},\"query-input\":{\"@type\":\"PropertyValueSpecification\",\"valueRequired\":true,\"valueName\":\"search_term_string\"}}],\"inLanguage\":\"fr-FR\"},{\"@type\":\"Person\",\"@id\":\"https:\/\/blogs.thesocialmedia.com\/leblogmoto\/#\/schema\/person\/e82a0ca8a9a63d031586097a3ed58526\",\"name\":\"jacques lesage\",\"image\":{\"@type\":\"ImageObject\",\"inLanguage\":\"fr-FR\",\"@id\":\"https:\/\/blogs.thesocialmedia.com\/leblogmoto\/#\/schema\/person\/image\/\",\"url\":\"https:\/\/secure.gravatar.com\/avatar\/?s=96&d=mm&r=g\",\"contentUrl\":\"https:\/\/secure.gravatar.com\/avatar\/?s=96&d=mm&r=g\",\"caption\":\"jacques lesage\"},\"url\":\"https:\/\/blogs.thesocialmedia.com\/leblogmoto\/author\/jacques-lesage\/\"}]}<\/script>\n<!-- \/ Yoast SEO plugin. -->","yoast_head_json":{"title":"Adrien Brody, deux roues sur terre et presque au ciel - leblogmoto.com","robots":{"index":"index","follow":"follow","max-snippet":"max-snippet:-1","max-image-preview":"max-image-preview:large","max-video-preview":"max-video-preview:-1"},"canonical":"https:\/\/blogs.thesocialmedia.com\/leblogmoto\/2008\/01\/08\/adrien-brody-de\/","twitter_card":"summary_large_image","twitter_title":"Adrien Brody, deux roues sur terre et presque au ciel - leblogmoto.com","twitter_description":"L&rsquo;acteur oscaris\u00e9 en 2003 pour le film de Roman Polanski, \u00abLe pianiste\u00bb, est non seulement le plus jeune acteur \u00e0 avoir remport\u00e9 la c\u00e9l\u00e8bre statuette ainsi que le C\u00e9sar pour ce m\u00eame film, mais il est avant tout, un motard passionn\u00e9. Alors que sort sur les \u00e9crans le dernier film du particulier cin\u00e9aste Wes Anderson, [&hellip;]","twitter_image":"http:\/\/www.leblogmoto.com\/images\/2008\/01\/07\/brody2_2.jpg","twitter_misc":{"\u00c9crit par":"jacques lesage","Dur\u00e9e de lecture estim\u00e9e":"2 minutes"},"schema":{"@context":"https:\/\/schema.org","@graph":[{"@type":"WebPage","@id":"https:\/\/blogs.thesocialmedia.com\/leblogmoto\/2008\/01\/08\/adrien-brody-de\/","url":"https:\/\/blogs.thesocialmedia.com\/leblogmoto\/2008\/01\/08\/adrien-brody-de\/","name":"Adrien Brody, deux roues sur terre et presque au ciel - leblogmoto.com","isPartOf":{"@id":"https:\/\/blogs.thesocialmedia.com\/leblogmoto\/#website"},"primaryImageOfPage":{"@id":"https:\/\/blogs.thesocialmedia.com\/leblogmoto\/2008\/01\/08\/adrien-brody-de\/#primaryimage"},"image":{"@id":"https:\/\/blogs.thesocialmedia.com\/leblogmoto\/2008\/01\/08\/adrien-brody-de\/#primaryimage"},"thumbnailUrl":"http:\/\/www.leblogmoto.com\/images\/2008\/01\/07\/brody2_2.jpg","datePublished":"2008-01-08T04:24:24+00:00","dateModified":"2012-07-11T15:10:55+00:00","author":{"@id":"https:\/\/blogs.thesocialmedia.com\/leblogmoto\/#\/schema\/person\/e82a0ca8a9a63d031586097a3ed58526"},"breadcrumb":{"@id":"https:\/\/blogs.thesocialmedia.com\/leblogmoto\/2008\/01\/08\/adrien-brody-de\/#breadcrumb"},"inLanguage":"fr-FR","potentialAction":[{"@type":"ReadAction","target":["https:\/\/blogs.thesocialmedia.com\/leblogmoto\/2008\/01\/08\/adrien-brody-de\/"]}]},{"@type":"ImageObject","inLanguage":"fr-FR","@id":"https:\/\/blogs.thesocialmedia.com\/leblogmoto\/2008\/01\/08\/adrien-brody-de\/#primaryimage","url":"http:\/\/www.leblogmoto.com\/images\/2008\/01\/07\/brody2_2.jpg","contentUrl":"http:\/\/www.leblogmoto.com\/images\/2008\/01\/07\/brody2_2.jpg"},{"@type":"BreadcrumbList","@id":"https:\/\/blogs.thesocialmedia.com\/leblogmoto\/2008\/01\/08\/adrien-brody-de\/#breadcrumb","itemListElement":[{"@type":"ListItem","position":1,"name":"Accueil","item":"https:\/\/blogs.thesocialmedia.com\/leblogmoto\/"},{"@type":"ListItem","position":2,"name":"Adrien Brody, deux roues sur terre et presque au ciel"}]},{"@type":"WebSite","@id":"https:\/\/blogs.thesocialmedia.com\/leblogmoto\/#website","url":"https:\/\/blogs.thesocialmedia.com\/leblogmoto\/","name":"leblogmoto","description":"Toute l&#039;actualit\u00e9 des 2 roues","potentialAction":[{"@type":"SearchAction","target":{"@type":"EntryPoint","urlTemplate":"https:\/\/blogs.thesocialmedia.com\/leblogmoto\/?s={search_term_string}"},"query-input":{"@type":"PropertyValueSpecification","valueRequired":true,"valueName":"search_term_string"}}],"inLanguage":"fr-FR"},{"@type":"Person","@id":"https:\/\/blogs.thesocialmedia.com\/leblogmoto\/#\/schema\/person\/e82a0ca8a9a63d031586097a3ed58526","name":"jacques lesage","image":{"@type":"ImageObject","inLanguage":"fr-FR","@id":"https:\/\/blogs.thesocialmedia.com\/leblogmoto\/#\/schema\/person\/image\/","url":"https:\/\/secure.gravatar.com\/avatar\/?s=96&d=mm&r=g","contentUrl":"https:\/\/secure.gravatar.com\/avatar\/?s=96&d=mm&r=g","caption":"jacques lesage"},"url":"https:\/\/blogs.thesocialmedia.com\/leblogmoto\/author\/jacques-lesage\/"}]}},"_links":{"self":[{"href":"https:\/\/blogs.thesocialmedia.com\/leblogmoto\/wp-json\/wp\/v2\/posts\/972","targetHints":{"allow":["GET"]}}],"collection":[{"href":"https:\/\/blogs.thesocialmedia.com\/leblogmoto\/wp-json\/wp\/v2\/posts"}],"about":[{"href":"https:\/\/blogs.thesocialmedia.com\/leblogmoto\/wp-json\/wp\/v2\/types\/post"}],"author":[{"embeddable":true,"href":"https:\/\/blogs.thesocialmedia.com\/leblogmoto\/wp-json\/wp\/v2\/users\/325"}],"replies":[{"embeddable":true,"href":"https:\/\/blogs.thesocialmedia.com\/leblogmoto\/wp-json\/wp\/v2\/comments?post=972"}],"version-history":[{"count":2,"href":"https:\/\/blogs.thesocialmedia.com\/leblogmoto\/wp-json\/wp\/v2\/posts\/972\/revisions"}],"predecessor-version":[{"id":9611,"href":"https:\/\/blogs.thesocialmedia.com\/leblogmoto\/wp-json\/wp\/v2\/posts\/972\/revisions\/9611"}],"wp:attachment":[{"href":"https:\/\/blogs.thesocialmedia.com\/leblogmoto\/wp-json\/wp\/v2\/media?parent=972"}],"wp:term":[{"taxonomy":"category","embeddable":true,"href":"https:\/\/blogs.thesocialmedia.com\/leblogmoto\/wp-json\/wp\/v2\/categories?post=972"},{"taxonomy":"post_tag","embeddable":true,"href":"https:\/\/blogs.thesocialmedia.com\/leblogmoto\/wp-json\/wp\/v2\/tags?post=972"}],"curies":[{"name":"wp","href":"https:\/\/api.w.org\/{rel}","templated":true}]}}