{"id":974,"date":"2008-01-04T19:51:50","date_gmt":"2008-01-04T19:51:50","guid":{"rendered":"http:\/\/blogs.thesocialmedia.com\/leblogmoto\/2008\/01\/04\/album-du-vendre-15\/"},"modified":"2012-07-11T15:10:40","modified_gmt":"2012-07-11T15:10:40","slug":"album-du-vendre-15","status":"publish","type":"post","link":"https:\/\/blogs.thesocialmedia.com\/leblogmoto\/2008\/01\/04\/album-du-vendre-15\/","title":{"rendered":"Album du vendredi, En roues libres"},"content":{"rendered":"<p>Les exc\u00e8s du temps des f\u00eates se sont accumul\u00e9s trop rapidement, le corps s&rsquo;en ressent et va s&rsquo;en ressentir encore pour un bon bout de temps, et on aura m\u00eame la d\u00e9cence de ne pas mentionner le portefeuille. Oups, trop tard.<br \/>Trop fauch\u00e9 donc pour le nouveau mod\u00e8le 2008 brillant de tous ses chromes dans la vitrine du concessionnaire, et de toute fa\u00e7on, votre tour de taille exige un peu plus d&rsquo;exercice, alors vous pensez <a href=\"http:\/\/www.velib.paris.fr\/\">V\u00e9lib<\/a>, mais votre coeur de motard h\u00e9site devant cette alternative trop, touristique; la solution, le v\u00e9lo chopper.<\/p>\n<p><a href=\"http:\/\/clabedan.typepad.com\/.shared\/image.html?\/photos\/uncategorized\/2008\/01\/04\/chopp1.jpg\"><img loading=\"lazy\" decoding=\"async\" width=\"470\" height=\"174\"  src=\"http:\/\/www.leblogmoto.com\/images\/2008\/01\/04\/chopp1.jpg\" alt=\"Chopp1\" \/><\/a> <\/p>\n<p><a href=\"http:\/\/blogs.thesocialmedia.com\/leblogmoto\/files\/2012\/07\/6d0d_3_lg.jpg\"><img loading=\"lazy\" decoding=\"async\" width=\"470\" height=\"352\"  src=\"http:\/\/www.leblogmoto.com\/images\/2008\/01\/04\/6d0d_3_lg.jpg\" alt=\"6d0d_3_lg\" \/><\/a> <\/p>\n<p>Qu&rsquo;il soit un incontournable comme ce Mustang de CCM, un classique Canadien de mon enfance avec son si\u00e8ge banane, ou les multiples variations sur le th\u00e8me de la moto, du bobber au chopper pur jus, il n&rsquo;y aura plus d&rsquo;excuses pour ne pas sortir faire de l&rsquo;exercice, mais il se fera avec style.<\/p>\n<p><a href=\"http:\/\/blogs.thesocialmedia.com\/leblogmoto\/files\/2012\/07\/dirty1.jpg\"><img loading=\"lazy\" decoding=\"async\" width=\"470\" height=\"352\"  src=\"http:\/\/www.leblogmoto.com\/images\/2008\/01\/04\/dirty1.jpg\" alt=\"Dirty1\" \/><\/a> <\/p>\n<p><a href=\"http:\/\/blogs.thesocialmedia.com\/leblogmoto\/files\/2012\/07\/a904.jpg\"><img loading=\"lazy\" decoding=\"async\" width=\"470\" height=\"313\"  src=\"http:\/\/www.leblogmoto.com\/images\/2008\/01\/04\/a904.jpg\" alt=\"A904\" \/><\/a> <\/p>\n<p><a href=\"http:\/\/blogs.thesocialmedia.com\/leblogmoto\/files\/2012\/07\/a903.jpg\"><img loading=\"lazy\" decoding=\"async\" width=\"470\" height=\"341\"  src=\"http:\/\/www.leblogmoto.com\/images\/2008\/01\/04\/a903.jpg\" alt=\"A903\" \/><\/a> <\/p>\n<p><a href=\"http:\/\/blogs.thesocialmedia.com\/leblogmoto\/files\/2012\/07\/finished0003.jpg\"><img loading=\"lazy\" decoding=\"async\" width=\"470\" height=\"250\"  src=\"http:\/\/www.leblogmoto.com\/images\/2008\/01\/04\/finished0003.jpg\" alt=\"Finished0003\" \/><\/a> <\/p>\n<p><a href=\"http:\/\/blogs.thesocialmedia.com\/leblogmoto\/files\/2012\/07\/overkill7lg.jpg\"><img loading=\"lazy\" decoding=\"async\" width=\"470\" height=\"316\"  src=\"http:\/\/www.leblogmoto.com\/images\/2008\/01\/04\/overkill7lg.jpg\" alt=\"Overkill7lg\" \/><\/a> <\/p>\n<p><a href=\"http:\/\/blogs.thesocialmedia.com\/leblogmoto\/files\/2012\/07\/gn027.jpg\"><img loading=\"lazy\" decoding=\"async\" width=\"470\" height=\"306\"  src=\"http:\/\/www.leblogmoto.com\/images\/2008\/01\/04\/gn027.jpg\" alt=\"Gn027\" \/><\/a> <\/p>\n<p><a href=\"http:\/\/blogs.thesocialmedia.com\/leblogmoto\/files\/2012\/07\/chopp2.jpg\"><img loading=\"lazy\" decoding=\"async\" width=\"470\" height=\"212\"  src=\"http:\/\/www.leblogmoto.com\/images\/2008\/01\/04\/chopp2.jpg\" alt=\"Chopp2\" \/><\/a> <\/p>\n<p><a href=\"http:\/\/www.custombrigad.com\/\">Custom Brigade<\/a><br \/><a href=\"http:\/\/www.hellbournechoppers.com\/\">Hellbourne Choppers<\/a><br \/><a href=\"http:\/\/www.atomiczombie.com\/product-overkill.htm\">AtomicZombie<\/a><br \/><a href=\"http:\/\/www.celticcycles.com\/home1.html\">Celtic Cycles<\/a><br \/><a href=\"http:\/\/www.firebikes.com\/\">Firebikes<\/a><br \/><a href=\"http:\/\/www.nlc.50megs.com\/\">New Legacy Choppers<\/a><br \/>&#8230; et deux liens vers des modes d&#8217;emplois maison,<br \/><a href=\"http:\/\/blog.makezine.com\/archive\/2006\/07\/grannys_nightmare_how_to_make.html\">Make:<\/a> et <a href=\"http:\/\/www.instructables.com\/id\/Chopper-bicycle-made-from-found-materials\/\">Instructables<\/a><\/p>\n","protected":false},"excerpt":{"rendered":"<p>Les exc\u00e8s du temps des f\u00eates se sont accumul\u00e9s trop rapidement, le corps s&rsquo;en ressent et va s&rsquo;en ressentir encore pour un bon bout de temps, et on aura m\u00eame la d\u00e9cence de ne pas mentionner le portefeuille. Oups, trop tard.Trop fauch\u00e9 donc pour le nouveau mod\u00e8le 2008 brillant de tous ses chromes dans la [&hellip;]<\/p>\n","protected":false},"author":325,"featured_media":0,"comment_status":"open","ping_status":"open","sticky":false,"template":"","format":"standard","meta":{"footnotes":""},"categories":[17],"tags":[],"class_list":["post-974","post","type-post","status-publish","format-standard","hentry","category-divers"],"yoast_head":"<!-- This site is optimized with the Yoast SEO plugin v26.0 - https:\/\/yoast.com\/wordpress\/plugins\/seo\/ -->\n<title>Album du vendredi, En roues libres - leblogmoto.com<\/title>\n<meta name=\"robots\" content=\"index, follow, max-snippet:-1, max-image-preview:large, max-video-preview:-1\" \/>\n<link rel=\"canonical\" href=\"https:\/\/blogs.thesocialmedia.com\/leblogmoto\/2008\/01\/04\/album-du-vendre-15\/\" \/>\n<meta name=\"twitter:card\" content=\"summary_large_image\" \/>\n<meta name=\"twitter:title\" content=\"Album du vendredi, En roues libres - leblogmoto.com\" \/>\n<meta name=\"twitter:description\" content=\"Les exc\u00e8s du temps des f\u00eates se sont accumul\u00e9s trop rapidement, le corps s&rsquo;en ressent et va s&rsquo;en ressentir encore pour un bon bout de temps, et on aura m\u00eame la d\u00e9cence de ne pas mentionner le portefeuille. Oups, trop tard.Trop fauch\u00e9 donc pour le nouveau mod\u00e8le 2008 brillant de tous ses chromes dans la [&hellip;]\" \/>\n<meta name=\"twitter:image\" content=\"http:\/\/www.leblogmoto.com\/images\/2008\/01\/04\/chopp1.jpg\" \/>\n<meta name=\"twitter:label1\" content=\"\u00c9crit par\" \/>\n\t<meta name=\"twitter:data1\" content=\"jacques lesage\" \/>\n\t<meta name=\"twitter:label2\" content=\"Dur\u00e9e de lecture estim\u00e9e\" \/>\n\t<meta name=\"twitter:data2\" content=\"1 minute\" \/>\n<script type=\"application\/ld+json\" class=\"yoast-schema-graph\">{\"@context\":\"https:\/\/schema.org\",\"@graph\":[{\"@type\":\"WebPage\",\"@id\":\"https:\/\/blogs.thesocialmedia.com\/leblogmoto\/2008\/01\/04\/album-du-vendre-15\/\",\"url\":\"https:\/\/blogs.thesocialmedia.com\/leblogmoto\/2008\/01\/04\/album-du-vendre-15\/\",\"name\":\"Album du vendredi, En roues libres - leblogmoto.com\",\"isPartOf\":{\"@id\":\"https:\/\/blogs.thesocialmedia.com\/leblogmoto\/#website\"},\"primaryImageOfPage\":{\"@id\":\"https:\/\/blogs.thesocialmedia.com\/leblogmoto\/2008\/01\/04\/album-du-vendre-15\/#primaryimage\"},\"image\":{\"@id\":\"https:\/\/blogs.thesocialmedia.com\/leblogmoto\/2008\/01\/04\/album-du-vendre-15\/#primaryimage\"},\"thumbnailUrl\":\"http:\/\/www.leblogmoto.com\/images\/2008\/01\/04\/chopp1.jpg\",\"datePublished\":\"2008-01-04T19:51:50+00:00\",\"dateModified\":\"2012-07-11T15:10:40+00:00\",\"author\":{\"@id\":\"https:\/\/blogs.thesocialmedia.com\/leblogmoto\/#\/schema\/person\/e82a0ca8a9a63d031586097a3ed58526\"},\"breadcrumb\":{\"@id\":\"https:\/\/blogs.thesocialmedia.com\/leblogmoto\/2008\/01\/04\/album-du-vendre-15\/#breadcrumb\"},\"inLanguage\":\"fr-FR\",\"potentialAction\":[{\"@type\":\"ReadAction\",\"target\":[\"https:\/\/blogs.thesocialmedia.com\/leblogmoto\/2008\/01\/04\/album-du-vendre-15\/\"]}]},{\"@type\":\"ImageObject\",\"inLanguage\":\"fr-FR\",\"@id\":\"https:\/\/blogs.thesocialmedia.com\/leblogmoto\/2008\/01\/04\/album-du-vendre-15\/#primaryimage\",\"url\":\"http:\/\/www.leblogmoto.com\/images\/2008\/01\/04\/chopp1.jpg\",\"contentUrl\":\"http:\/\/www.leblogmoto.com\/images\/2008\/01\/04\/chopp1.jpg\"},{\"@type\":\"BreadcrumbList\",\"@id\":\"https:\/\/blogs.thesocialmedia.com\/leblogmoto\/2008\/01\/04\/album-du-vendre-15\/#breadcrumb\",\"itemListElement\":[{\"@type\":\"ListItem\",\"position\":1,\"name\":\"Accueil\",\"item\":\"https:\/\/blogs.thesocialmedia.com\/leblogmoto\/\"},{\"@type\":\"ListItem\",\"position\":2,\"name\":\"Album du vendredi, En roues libres\"}]},{\"@type\":\"WebSite\",\"@id\":\"https:\/\/blogs.thesocialmedia.com\/leblogmoto\/#website\",\"url\":\"https:\/\/blogs.thesocialmedia.com\/leblogmoto\/\",\"name\":\"leblogmoto\",\"description\":\"Toute l&#039;actualit\u00e9 des 2 roues\",\"potentialAction\":[{\"@type\":\"SearchAction\",\"target\":{\"@type\":\"EntryPoint\",\"urlTemplate\":\"https:\/\/blogs.thesocialmedia.com\/leblogmoto\/?s={search_term_string}\"},\"query-input\":{\"@type\":\"PropertyValueSpecification\",\"valueRequired\":true,\"valueName\":\"search_term_string\"}}],\"inLanguage\":\"fr-FR\"},{\"@type\":\"Person\",\"@id\":\"https:\/\/blogs.thesocialmedia.com\/leblogmoto\/#\/schema\/person\/e82a0ca8a9a63d031586097a3ed58526\",\"name\":\"jacques lesage\",\"image\":{\"@type\":\"ImageObject\",\"inLanguage\":\"fr-FR\",\"@id\":\"https:\/\/blogs.thesocialmedia.com\/leblogmoto\/#\/schema\/person\/image\/\",\"url\":\"https:\/\/secure.gravatar.com\/avatar\/?s=96&d=mm&r=g\",\"contentUrl\":\"https:\/\/secure.gravatar.com\/avatar\/?s=96&d=mm&r=g\",\"caption\":\"jacques lesage\"},\"url\":\"https:\/\/blogs.thesocialmedia.com\/leblogmoto\/author\/jacques-lesage\/\"}]}<\/script>\n<!-- \/ Yoast SEO plugin. -->","yoast_head_json":{"title":"Album du vendredi, En roues libres - leblogmoto.com","robots":{"index":"index","follow":"follow","max-snippet":"max-snippet:-1","max-image-preview":"max-image-preview:large","max-video-preview":"max-video-preview:-1"},"canonical":"https:\/\/blogs.thesocialmedia.com\/leblogmoto\/2008\/01\/04\/album-du-vendre-15\/","twitter_card":"summary_large_image","twitter_title":"Album du vendredi, En roues libres - leblogmoto.com","twitter_description":"Les exc\u00e8s du temps des f\u00eates se sont accumul\u00e9s trop rapidement, le corps s&rsquo;en ressent et va s&rsquo;en ressentir encore pour un bon bout de temps, et on aura m\u00eame la d\u00e9cence de ne pas mentionner le portefeuille. Oups, trop tard.Trop fauch\u00e9 donc pour le nouveau mod\u00e8le 2008 brillant de tous ses chromes dans la [&hellip;]","twitter_image":"http:\/\/www.leblogmoto.com\/images\/2008\/01\/04\/chopp1.jpg","twitter_misc":{"\u00c9crit par":"jacques lesage","Dur\u00e9e de lecture estim\u00e9e":"1 minute"},"schema":{"@context":"https:\/\/schema.org","@graph":[{"@type":"WebPage","@id":"https:\/\/blogs.thesocialmedia.com\/leblogmoto\/2008\/01\/04\/album-du-vendre-15\/","url":"https:\/\/blogs.thesocialmedia.com\/leblogmoto\/2008\/01\/04\/album-du-vendre-15\/","name":"Album du vendredi, En roues libres - leblogmoto.com","isPartOf":{"@id":"https:\/\/blogs.thesocialmedia.com\/leblogmoto\/#website"},"primaryImageOfPage":{"@id":"https:\/\/blogs.thesocialmedia.com\/leblogmoto\/2008\/01\/04\/album-du-vendre-15\/#primaryimage"},"image":{"@id":"https:\/\/blogs.thesocialmedia.com\/leblogmoto\/2008\/01\/04\/album-du-vendre-15\/#primaryimage"},"thumbnailUrl":"http:\/\/www.leblogmoto.com\/images\/2008\/01\/04\/chopp1.jpg","datePublished":"2008-01-04T19:51:50+00:00","dateModified":"2012-07-11T15:10:40+00:00","author":{"@id":"https:\/\/blogs.thesocialmedia.com\/leblogmoto\/#\/schema\/person\/e82a0ca8a9a63d031586097a3ed58526"},"breadcrumb":{"@id":"https:\/\/blogs.thesocialmedia.com\/leblogmoto\/2008\/01\/04\/album-du-vendre-15\/#breadcrumb"},"inLanguage":"fr-FR","potentialAction":[{"@type":"ReadAction","target":["https:\/\/blogs.thesocialmedia.com\/leblogmoto\/2008\/01\/04\/album-du-vendre-15\/"]}]},{"@type":"ImageObject","inLanguage":"fr-FR","@id":"https:\/\/blogs.thesocialmedia.com\/leblogmoto\/2008\/01\/04\/album-du-vendre-15\/#primaryimage","url":"http:\/\/www.leblogmoto.com\/images\/2008\/01\/04\/chopp1.jpg","contentUrl":"http:\/\/www.leblogmoto.com\/images\/2008\/01\/04\/chopp1.jpg"},{"@type":"BreadcrumbList","@id":"https:\/\/blogs.thesocialmedia.com\/leblogmoto\/2008\/01\/04\/album-du-vendre-15\/#breadcrumb","itemListElement":[{"@type":"ListItem","position":1,"name":"Accueil","item":"https:\/\/blogs.thesocialmedia.com\/leblogmoto\/"},{"@type":"ListItem","position":2,"name":"Album du vendredi, En roues libres"}]},{"@type":"WebSite","@id":"https:\/\/blogs.thesocialmedia.com\/leblogmoto\/#website","url":"https:\/\/blogs.thesocialmedia.com\/leblogmoto\/","name":"leblogmoto","description":"Toute l&#039;actualit\u00e9 des 2 roues","potentialAction":[{"@type":"SearchAction","target":{"@type":"EntryPoint","urlTemplate":"https:\/\/blogs.thesocialmedia.com\/leblogmoto\/?s={search_term_string}"},"query-input":{"@type":"PropertyValueSpecification","valueRequired":true,"valueName":"search_term_string"}}],"inLanguage":"fr-FR"},{"@type":"Person","@id":"https:\/\/blogs.thesocialmedia.com\/leblogmoto\/#\/schema\/person\/e82a0ca8a9a63d031586097a3ed58526","name":"jacques lesage","image":{"@type":"ImageObject","inLanguage":"fr-FR","@id":"https:\/\/blogs.thesocialmedia.com\/leblogmoto\/#\/schema\/person\/image\/","url":"https:\/\/secure.gravatar.com\/avatar\/?s=96&d=mm&r=g","contentUrl":"https:\/\/secure.gravatar.com\/avatar\/?s=96&d=mm&r=g","caption":"jacques lesage"},"url":"https:\/\/blogs.thesocialmedia.com\/leblogmoto\/author\/jacques-lesage\/"}]}},"_links":{"self":[{"href":"https:\/\/blogs.thesocialmedia.com\/leblogmoto\/wp-json\/wp\/v2\/posts\/974","targetHints":{"allow":["GET"]}}],"collection":[{"href":"https:\/\/blogs.thesocialmedia.com\/leblogmoto\/wp-json\/wp\/v2\/posts"}],"about":[{"href":"https:\/\/blogs.thesocialmedia.com\/leblogmoto\/wp-json\/wp\/v2\/types\/post"}],"author":[{"embeddable":true,"href":"https:\/\/blogs.thesocialmedia.com\/leblogmoto\/wp-json\/wp\/v2\/users\/325"}],"replies":[{"embeddable":true,"href":"https:\/\/blogs.thesocialmedia.com\/leblogmoto\/wp-json\/wp\/v2\/comments?post=974"}],"version-history":[{"count":2,"href":"https:\/\/blogs.thesocialmedia.com\/leblogmoto\/wp-json\/wp\/v2\/posts\/974\/revisions"}],"predecessor-version":[{"id":9604,"href":"https:\/\/blogs.thesocialmedia.com\/leblogmoto\/wp-json\/wp\/v2\/posts\/974\/revisions\/9604"}],"wp:attachment":[{"href":"https:\/\/blogs.thesocialmedia.com\/leblogmoto\/wp-json\/wp\/v2\/media?parent=974"}],"wp:term":[{"taxonomy":"category","embeddable":true,"href":"https:\/\/blogs.thesocialmedia.com\/leblogmoto\/wp-json\/wp\/v2\/categories?post=974"},{"taxonomy":"post_tag","embeddable":true,"href":"https:\/\/blogs.thesocialmedia.com\/leblogmoto\/wp-json\/wp\/v2\/tags?post=974"}],"curies":[{"name":"wp","href":"https:\/\/api.w.org\/{rel}","templated":true}]}}