{"id":975,"date":"2008-01-04T19:10:08","date_gmt":"2008-01-04T19:10:08","guid":{"rendered":"http:\/\/blogs.thesocialmedia.com\/leblogmoto\/2008\/01\/04\/le-prochain-dak\/"},"modified":"2012-07-11T15:10:17","modified_gmt":"2012-07-11T15:10:17","slug":"le-prochain-dak","status":"publish","type":"post","link":"https:\/\/blogs.thesocialmedia.com\/leblogmoto\/2008\/01\/04\/le-prochain-dak\/","title":{"rendered":"Le prochain Dakar sera Chinois ou ne sera pas"},"content":{"rendered":"<p><a href=\"http:\/\/blogs.thesocialmedia.com\/leblogmoto\/files\/2012\/07\/routesoie.jpg\"><img loading=\"lazy\" decoding=\"async\" width=\"470\" height=\"199\"  alt=\"Routesoie\" src=\"http:\/\/www.leblogmoto.com\/images\/2008\/01\/04\/routesoie.jpg\" \/><\/a> <\/p>\n<p>Triste nouvelle pour les amateurs du <a href=\"http:\/\/www.dakar.com\/\">Dakar<\/a> que cette annulation de l&rsquo;\u00e9dition 2008 pour cause de menaces terroristes. On ne reviendra pas ici sur les controverses que cette comp\u00e9tition a toujours tra\u00een\u00e9es comme un boulet, malgr\u00e9 les engagements humanitaires r\u00e9cents, mais la fili\u00e8re africaine semble avoir donn\u00e9 tout ce qu&rsquo;elle avait.<br \/>L&rsquo;avenir ne serait-il pas vers cette Chine, qui comme une hu\u00eetre, pass\u00e9 les r\u00e9sistances, s&rsquo;ouvre maintenant, \u00e0 sa mani\u00e8re, mais quand m\u00eame, sur le monde? Le test olympique du mois d&rsquo;ao\u00fbt, s&rsquo;il passe \u00e0 la satisfaction des autorit\u00e9s chinoises, pourrait \u00eatre un point d&rsquo;orgue important vers une curiosit\u00e9 int\u00e9ress\u00e9e pour des \u00e9v\u00e8nements internationaux. On peut aussi facilement imaginer que les constructeurs impliqu\u00e9s dans le <a href=\"http:\/\/fr.wikipedia.org\/wiki\/Rallye_Dakar\">Dakar<\/a>, pourraient \u00eatre plus qu&rsquo;heureux de la parade chinoise pour leurs produits. Le march\u00e9 chinois est un peu plus all\u00e9chant que l&rsquo;africain, et aux derni\u00e8res nouvelles, le terrorisme en Chine est florissant, en prison. Si le Dakar s&rsquo;accommodait de la particularit\u00e9 africaine, il ne devrait pas avoir trop de probl\u00e8me pour faire la m\u00eame chose en Chine!<\/p>\n<p>L&rsquo;espace, la vari\u00e9t\u00e9 dans le paysage et m\u00eame du climat, sans parler du bagage culturel aventurier, de <a href=\"http:\/\/fr.wikipedia.org\/wiki\/Marco_Polo\">Marco Polo<\/a> \u00e0 la <a href=\"http:\/\/www.citroen.com\/CWW\/fr-FR\/HISTORY\/ADVENTURE\/YellowCruise\/\">Croisi\u00e8re Jaune<\/a> en passant par la <a href=\"http:\/\/fr.wikipedia.org\/wiki\/Route_de_la_soie\">Route de la soie<\/a>, tout cela fait de la Chine une terre hospitali\u00e8re pour ce type de d\u00e9bordement p\u00e9rilleux.<\/p>\n<p>C&rsquo;est vrai, ce Dakar existe d\u00e9j\u00e0, c&rsquo;est le <a href=\"http:\/\/www.transorientale.com\/\">Transorientale<\/a>. Mais rien n&#8217;emp\u00eache une fusion, surtout que la premi\u00e8re \u00e9dition du projet de Ren\u00e9 Metge ne verra ses premiers tours de roue que cet \u00e9t\u00e9. Parce qu&rsquo;il faut bien l&rsquo;avouer, les endroits pour ce genre de comp\u00e9titions ne sont plus l\u00e9gion.<br \/>C&rsquo;est une autre comp\u00e9tition qui s&rsquo;amorce, entre deux groupes, avec beaucoup d&rsquo;argent en jeu, des r\u00e9putations et des offres qui ne se refuseront peut-\u00eatre pas.<\/p>\n<p>Cette course \u00e0 la Chine, le Dakar ne la fera peut-\u00eatre pas, mais dans le cas contraire&#8230; sortez vos mouchoirs.<\/p>\n<p><a href=\"http:\/\/clabedan.typepad.com\/.shared\/image.html?\/photos\/uncategorized\/2008\/01\/04\/087.jpg\"><img loading=\"lazy\" decoding=\"async\" width=\"470\" height=\"333\"  alt=\"087\" src=\"http:\/\/www.leblogmoto.com\/images\/2008\/01\/04\/087.jpg\" \/><\/a> <\/p>\n<p><a href=\"http:\/\/blogs.thesocialmedia.com\/leblogmoto\/files\/2012\/07\/086.jpg\"><img loading=\"lazy\" decoding=\"async\" width=\"470\" height=\"333\"  alt=\"086\" src=\"http:\/\/www.leblogmoto.com\/images\/2008\/01\/04\/086.jpg\" \/><\/a> <\/p>\n<p><a href=\"http:\/\/blogs.thesocialmedia.com\/leblogmoto\/files\/2012\/07\/084.jpg\"><img loading=\"lazy\" decoding=\"async\" width=\"470\" height=\"352\"  alt=\"084\" src=\"http:\/\/www.leblogmoto.com\/images\/2008\/01\/04\/084.jpg\" \/><\/a> <\/p>\n<p><a href=\"http:\/\/blogs.thesocialmedia.com\/leblogmoto\/files\/2012\/07\/083.jpg\"><img loading=\"lazy\" decoding=\"async\" width=\"470\" height=\"313\"  alt=\"083\" src=\"http:\/\/www.leblogmoto.com\/images\/2008\/01\/04\/083.jpg\" \/><\/a> <\/p>\n<p><em>Images, Claude Pauly, LATimes (Tourisme moto en Chine)<\/em><\/p>\n","protected":false},"excerpt":{"rendered":"<p>Triste nouvelle pour les amateurs du Dakar que cette annulation de l&rsquo;\u00e9dition 2008 pour cause de menaces terroristes. On ne reviendra pas ici sur les controverses que cette comp\u00e9tition a toujours tra\u00een\u00e9es comme un boulet, malgr\u00e9 les engagements humanitaires r\u00e9cents, mais la fili\u00e8re africaine semble avoir donn\u00e9 tout ce qu&rsquo;elle avait.L&rsquo;avenir ne serait-il pas vers [&hellip;]<\/p>\n","protected":false},"author":325,"featured_media":0,"comment_status":"open","ping_status":"open","sticky":false,"template":"","format":"standard","meta":{"footnotes":""},"categories":[3,59],"tags":[],"class_list":["post-975","post","type-post","status-publish","format-standard","hentry","category-actualite","category-dakar"],"yoast_head":"<!-- This site is optimized with the Yoast SEO plugin v26.0 - https:\/\/yoast.com\/wordpress\/plugins\/seo\/ -->\n<title>Le prochain Dakar sera Chinois ou ne sera pas - leblogmoto.com<\/title>\n<meta name=\"robots\" content=\"index, follow, max-snippet:-1, max-image-preview:large, max-video-preview:-1\" \/>\n<link rel=\"canonical\" href=\"https:\/\/blogs.thesocialmedia.com\/leblogmoto\/2008\/01\/04\/le-prochain-dak\/\" \/>\n<meta name=\"twitter:card\" content=\"summary_large_image\" \/>\n<meta name=\"twitter:title\" content=\"Le prochain Dakar sera Chinois ou ne sera pas - leblogmoto.com\" \/>\n<meta name=\"twitter:description\" content=\"Triste nouvelle pour les amateurs du Dakar que cette annulation de l&rsquo;\u00e9dition 2008 pour cause de menaces terroristes. On ne reviendra pas ici sur les controverses que cette comp\u00e9tition a toujours tra\u00een\u00e9es comme un boulet, malgr\u00e9 les engagements humanitaires r\u00e9cents, mais la fili\u00e8re africaine semble avoir donn\u00e9 tout ce qu&rsquo;elle avait.L&rsquo;avenir ne serait-il pas vers [&hellip;]\" \/>\n<meta name=\"twitter:image\" content=\"http:\/\/www.leblogmoto.com\/images\/2008\/01\/04\/routesoie.jpg\" \/>\n<meta name=\"twitter:label1\" content=\"\u00c9crit par\" \/>\n\t<meta name=\"twitter:data1\" content=\"jacques lesage\" \/>\n\t<meta name=\"twitter:label2\" content=\"Dur\u00e9e de lecture estim\u00e9e\" \/>\n\t<meta name=\"twitter:data2\" content=\"2 minutes\" \/>\n<script type=\"application\/ld+json\" class=\"yoast-schema-graph\">{\"@context\":\"https:\/\/schema.org\",\"@graph\":[{\"@type\":\"WebPage\",\"@id\":\"https:\/\/blogs.thesocialmedia.com\/leblogmoto\/2008\/01\/04\/le-prochain-dak\/\",\"url\":\"https:\/\/blogs.thesocialmedia.com\/leblogmoto\/2008\/01\/04\/le-prochain-dak\/\",\"name\":\"Le prochain Dakar sera Chinois ou ne sera pas - leblogmoto.com\",\"isPartOf\":{\"@id\":\"https:\/\/blogs.thesocialmedia.com\/leblogmoto\/#website\"},\"primaryImageOfPage\":{\"@id\":\"https:\/\/blogs.thesocialmedia.com\/leblogmoto\/2008\/01\/04\/le-prochain-dak\/#primaryimage\"},\"image\":{\"@id\":\"https:\/\/blogs.thesocialmedia.com\/leblogmoto\/2008\/01\/04\/le-prochain-dak\/#primaryimage\"},\"thumbnailUrl\":\"http:\/\/www.leblogmoto.com\/images\/2008\/01\/04\/routesoie.jpg\",\"datePublished\":\"2008-01-04T19:10:08+00:00\",\"dateModified\":\"2012-07-11T15:10:17+00:00\",\"author\":{\"@id\":\"https:\/\/blogs.thesocialmedia.com\/leblogmoto\/#\/schema\/person\/e82a0ca8a9a63d031586097a3ed58526\"},\"breadcrumb\":{\"@id\":\"https:\/\/blogs.thesocialmedia.com\/leblogmoto\/2008\/01\/04\/le-prochain-dak\/#breadcrumb\"},\"inLanguage\":\"fr-FR\",\"potentialAction\":[{\"@type\":\"ReadAction\",\"target\":[\"https:\/\/blogs.thesocialmedia.com\/leblogmoto\/2008\/01\/04\/le-prochain-dak\/\"]}]},{\"@type\":\"ImageObject\",\"inLanguage\":\"fr-FR\",\"@id\":\"https:\/\/blogs.thesocialmedia.com\/leblogmoto\/2008\/01\/04\/le-prochain-dak\/#primaryimage\",\"url\":\"http:\/\/www.leblogmoto.com\/images\/2008\/01\/04\/routesoie.jpg\",\"contentUrl\":\"http:\/\/www.leblogmoto.com\/images\/2008\/01\/04\/routesoie.jpg\"},{\"@type\":\"BreadcrumbList\",\"@id\":\"https:\/\/blogs.thesocialmedia.com\/leblogmoto\/2008\/01\/04\/le-prochain-dak\/#breadcrumb\",\"itemListElement\":[{\"@type\":\"ListItem\",\"position\":1,\"name\":\"Accueil\",\"item\":\"https:\/\/blogs.thesocialmedia.com\/leblogmoto\/\"},{\"@type\":\"ListItem\",\"position\":2,\"name\":\"Le prochain Dakar sera Chinois ou ne sera pas\"}]},{\"@type\":\"WebSite\",\"@id\":\"https:\/\/blogs.thesocialmedia.com\/leblogmoto\/#website\",\"url\":\"https:\/\/blogs.thesocialmedia.com\/leblogmoto\/\",\"name\":\"leblogmoto\",\"description\":\"Toute l&#039;actualit\u00e9 des 2 roues\",\"potentialAction\":[{\"@type\":\"SearchAction\",\"target\":{\"@type\":\"EntryPoint\",\"urlTemplate\":\"https:\/\/blogs.thesocialmedia.com\/leblogmoto\/?s={search_term_string}\"},\"query-input\":{\"@type\":\"PropertyValueSpecification\",\"valueRequired\":true,\"valueName\":\"search_term_string\"}}],\"inLanguage\":\"fr-FR\"},{\"@type\":\"Person\",\"@id\":\"https:\/\/blogs.thesocialmedia.com\/leblogmoto\/#\/schema\/person\/e82a0ca8a9a63d031586097a3ed58526\",\"name\":\"jacques lesage\",\"image\":{\"@type\":\"ImageObject\",\"inLanguage\":\"fr-FR\",\"@id\":\"https:\/\/blogs.thesocialmedia.com\/leblogmoto\/#\/schema\/person\/image\/\",\"url\":\"https:\/\/secure.gravatar.com\/avatar\/?s=96&d=mm&r=g\",\"contentUrl\":\"https:\/\/secure.gravatar.com\/avatar\/?s=96&d=mm&r=g\",\"caption\":\"jacques lesage\"},\"url\":\"https:\/\/blogs.thesocialmedia.com\/leblogmoto\/author\/jacques-lesage\/\"}]}<\/script>\n<!-- \/ Yoast SEO plugin. -->","yoast_head_json":{"title":"Le prochain Dakar sera Chinois ou ne sera pas - leblogmoto.com","robots":{"index":"index","follow":"follow","max-snippet":"max-snippet:-1","max-image-preview":"max-image-preview:large","max-video-preview":"max-video-preview:-1"},"canonical":"https:\/\/blogs.thesocialmedia.com\/leblogmoto\/2008\/01\/04\/le-prochain-dak\/","twitter_card":"summary_large_image","twitter_title":"Le prochain Dakar sera Chinois ou ne sera pas - leblogmoto.com","twitter_description":"Triste nouvelle pour les amateurs du Dakar que cette annulation de l&rsquo;\u00e9dition 2008 pour cause de menaces terroristes. On ne reviendra pas ici sur les controverses que cette comp\u00e9tition a toujours tra\u00een\u00e9es comme un boulet, malgr\u00e9 les engagements humanitaires r\u00e9cents, mais la fili\u00e8re africaine semble avoir donn\u00e9 tout ce qu&rsquo;elle avait.L&rsquo;avenir ne serait-il pas vers [&hellip;]","twitter_image":"http:\/\/www.leblogmoto.com\/images\/2008\/01\/04\/routesoie.jpg","twitter_misc":{"\u00c9crit par":"jacques lesage","Dur\u00e9e de lecture estim\u00e9e":"2 minutes"},"schema":{"@context":"https:\/\/schema.org","@graph":[{"@type":"WebPage","@id":"https:\/\/blogs.thesocialmedia.com\/leblogmoto\/2008\/01\/04\/le-prochain-dak\/","url":"https:\/\/blogs.thesocialmedia.com\/leblogmoto\/2008\/01\/04\/le-prochain-dak\/","name":"Le prochain Dakar sera Chinois ou ne sera pas - leblogmoto.com","isPartOf":{"@id":"https:\/\/blogs.thesocialmedia.com\/leblogmoto\/#website"},"primaryImageOfPage":{"@id":"https:\/\/blogs.thesocialmedia.com\/leblogmoto\/2008\/01\/04\/le-prochain-dak\/#primaryimage"},"image":{"@id":"https:\/\/blogs.thesocialmedia.com\/leblogmoto\/2008\/01\/04\/le-prochain-dak\/#primaryimage"},"thumbnailUrl":"http:\/\/www.leblogmoto.com\/images\/2008\/01\/04\/routesoie.jpg","datePublished":"2008-01-04T19:10:08+00:00","dateModified":"2012-07-11T15:10:17+00:00","author":{"@id":"https:\/\/blogs.thesocialmedia.com\/leblogmoto\/#\/schema\/person\/e82a0ca8a9a63d031586097a3ed58526"},"breadcrumb":{"@id":"https:\/\/blogs.thesocialmedia.com\/leblogmoto\/2008\/01\/04\/le-prochain-dak\/#breadcrumb"},"inLanguage":"fr-FR","potentialAction":[{"@type":"ReadAction","target":["https:\/\/blogs.thesocialmedia.com\/leblogmoto\/2008\/01\/04\/le-prochain-dak\/"]}]},{"@type":"ImageObject","inLanguage":"fr-FR","@id":"https:\/\/blogs.thesocialmedia.com\/leblogmoto\/2008\/01\/04\/le-prochain-dak\/#primaryimage","url":"http:\/\/www.leblogmoto.com\/images\/2008\/01\/04\/routesoie.jpg","contentUrl":"http:\/\/www.leblogmoto.com\/images\/2008\/01\/04\/routesoie.jpg"},{"@type":"BreadcrumbList","@id":"https:\/\/blogs.thesocialmedia.com\/leblogmoto\/2008\/01\/04\/le-prochain-dak\/#breadcrumb","itemListElement":[{"@type":"ListItem","position":1,"name":"Accueil","item":"https:\/\/blogs.thesocialmedia.com\/leblogmoto\/"},{"@type":"ListItem","position":2,"name":"Le prochain Dakar sera Chinois ou ne sera pas"}]},{"@type":"WebSite","@id":"https:\/\/blogs.thesocialmedia.com\/leblogmoto\/#website","url":"https:\/\/blogs.thesocialmedia.com\/leblogmoto\/","name":"leblogmoto","description":"Toute l&#039;actualit\u00e9 des 2 roues","potentialAction":[{"@type":"SearchAction","target":{"@type":"EntryPoint","urlTemplate":"https:\/\/blogs.thesocialmedia.com\/leblogmoto\/?s={search_term_string}"},"query-input":{"@type":"PropertyValueSpecification","valueRequired":true,"valueName":"search_term_string"}}],"inLanguage":"fr-FR"},{"@type":"Person","@id":"https:\/\/blogs.thesocialmedia.com\/leblogmoto\/#\/schema\/person\/e82a0ca8a9a63d031586097a3ed58526","name":"jacques lesage","image":{"@type":"ImageObject","inLanguage":"fr-FR","@id":"https:\/\/blogs.thesocialmedia.com\/leblogmoto\/#\/schema\/person\/image\/","url":"https:\/\/secure.gravatar.com\/avatar\/?s=96&d=mm&r=g","contentUrl":"https:\/\/secure.gravatar.com\/avatar\/?s=96&d=mm&r=g","caption":"jacques lesage"},"url":"https:\/\/blogs.thesocialmedia.com\/leblogmoto\/author\/jacques-lesage\/"}]}},"_links":{"self":[{"href":"https:\/\/blogs.thesocialmedia.com\/leblogmoto\/wp-json\/wp\/v2\/posts\/975","targetHints":{"allow":["GET"]}}],"collection":[{"href":"https:\/\/blogs.thesocialmedia.com\/leblogmoto\/wp-json\/wp\/v2\/posts"}],"about":[{"href":"https:\/\/blogs.thesocialmedia.com\/leblogmoto\/wp-json\/wp\/v2\/types\/post"}],"author":[{"embeddable":true,"href":"https:\/\/blogs.thesocialmedia.com\/leblogmoto\/wp-json\/wp\/v2\/users\/325"}],"replies":[{"embeddable":true,"href":"https:\/\/blogs.thesocialmedia.com\/leblogmoto\/wp-json\/wp\/v2\/comments?post=975"}],"version-history":[{"count":2,"href":"https:\/\/blogs.thesocialmedia.com\/leblogmoto\/wp-json\/wp\/v2\/posts\/975\/revisions"}],"predecessor-version":[{"id":9595,"href":"https:\/\/blogs.thesocialmedia.com\/leblogmoto\/wp-json\/wp\/v2\/posts\/975\/revisions\/9595"}],"wp:attachment":[{"href":"https:\/\/blogs.thesocialmedia.com\/leblogmoto\/wp-json\/wp\/v2\/media?parent=975"}],"wp:term":[{"taxonomy":"category","embeddable":true,"href":"https:\/\/blogs.thesocialmedia.com\/leblogmoto\/wp-json\/wp\/v2\/categories?post=975"},{"taxonomy":"post_tag","embeddable":true,"href":"https:\/\/blogs.thesocialmedia.com\/leblogmoto\/wp-json\/wp\/v2\/tags?post=975"}],"curies":[{"name":"wp","href":"https:\/\/api.w.org\/{rel}","templated":true}]}}