{"id":976,"date":"2008-01-04T17:17:09","date_gmt":"2008-01-04T17:17:09","guid":{"rendered":"http:\/\/blogs.thesocialmedia.com\/leblogmoto\/2008\/01\/04\/trois-roues-bis\/"},"modified":"2012-07-11T15:10:09","modified_gmt":"2012-07-11T15:10:09","slug":"trois-roues-bis","status":"publish","type":"post","link":"https:\/\/blogs.thesocialmedia.com\/leblogmoto\/2008\/01\/04\/trois-roues-bis\/","title":{"rendered":"Trois roues bis et rebis"},"content":{"rendered":"<p><a href=\"http:\/\/blogs.thesocialmedia.com\/leblogmoto\/files\/2012\/07\/trois.jpg\"><img loading=\"lazy\" decoding=\"async\" width=\"470\" height=\"155\"  src=\"http:\/\/www.leblogmoto.com\/images\/2008\/01\/04\/trois.jpg\" alt=\"Trois\" \/><\/a> <\/p>\n<p>Et en compl\u00e9ment de programme apr\u00e8s l&rsquo;article de Beno\u00eet, celui du <a href=\"http:\/\/www.latimes.com\/classified\/automotive\/highway1\/la-hy-throttle2jan02,0,2409163.story?page=1&amp;coll=la-class-autos-highway1\">LATimes<\/a> qui revisite les m\u00eames machines que les habitu\u00e9s du Blog Moto et Auto reconna\u00eetront. Le Spyder est maintenant clich\u00e9 tout comme le MP3 de Piaggio, mais plus exotique sont le <a href=\"http:\/\/www.aptera.com\/\">Aptera<\/a>, <a href=\"http:\/\/www.leblogauto.com\/2007\/03\/accelerated-composites-aptera.html\">vu ici<\/a> chez nos confr\u00e8res du blog auto, et le <a href=\"http:\/\/www.leblogmoto.com\/2007\/12\/f3-adrenaline-t.html\">Trirod F3<\/a> d\u00e9j\u00e0 pr\u00e9sent\u00e9 par Beno\u00eet qui n&rsquo;en rate pas une.<br \/>Si je mentionne le LATimes, c&rsquo;est pour les deux vid\u00e9os accompagnant l&rsquo;article de la journaliste Susan Carpenter, nous permettant de voir rouler l&rsquo;Aptera et surtout le m\u00e9chant Trirod.<\/p>\n<p><a href=\"http:\/\/clabedan.typepad.com\/.shared\/image.html?\/photos\/uncategorized\/2008\/01\/04\/aptera1.jpg\"><img loading=\"lazy\" decoding=\"async\" width=\"470\" height=\"188\"  src=\"http:\/\/www.leblogmoto.com\/images\/2008\/01\/04\/aptera1.jpg\" alt=\"Aptera1\" \/><\/a> <\/p>\n<p><a href=\"http:\/\/blogs.thesocialmedia.com\/leblogmoto\/files\/2012\/07\/aptera2.jpg\"><img loading=\"lazy\" decoding=\"async\" width=\"470\" height=\"188\"  src=\"http:\/\/www.leblogmoto.com\/images\/2008\/01\/04\/aptera2.jpg\" alt=\"Aptera2\" \/><\/a> <\/p>\n<p><a href=\"http:\/\/blogs.thesocialmedia.com\/leblogmoto\/files\/2012\/07\/aptera3.jpg\"><img loading=\"lazy\" decoding=\"async\" width=\"470\" height=\"188\"  src=\"http:\/\/www.leblogmoto.com\/images\/2008\/01\/04\/aptera3.jpg\" alt=\"Aptera3\" \/><\/a> <\/p>\n<p><a href=\"http:\/\/blogs.thesocialmedia.com\/leblogmoto\/files\/2012\/07\/aptera4.jpg\"><img loading=\"lazy\" decoding=\"async\" width=\"470\" height=\"188\"  src=\"http:\/\/www.leblogmoto.com\/images\/2008\/01\/04\/aptera4.jpg\" alt=\"Aptera4\" \/><\/a> <\/p>\n<p><a href=\"http:\/\/blogs.thesocialmedia.com\/leblogmoto\/files\/2012\/07\/aptera5.jpg\"><img loading=\"lazy\" decoding=\"async\" width=\"470\" height=\"188\"  src=\"http:\/\/www.leblogmoto.com\/images\/2008\/01\/04\/aptera5.jpg\" alt=\"Aptera5\" \/><\/a> <\/p>\n","protected":false},"excerpt":{"rendered":"<p>Et en compl\u00e9ment de programme apr\u00e8s l&rsquo;article de Beno\u00eet, celui du LATimes qui revisite les m\u00eames machines que les habitu\u00e9s du Blog Moto et Auto reconna\u00eetront. Le Spyder est maintenant clich\u00e9 tout comme le MP3 de Piaggio, mais plus exotique sont le Aptera, vu ici chez nos confr\u00e8res du blog auto, et le Trirod F3 [&hellip;]<\/p>\n","protected":false},"author":325,"featured_media":0,"comment_status":"open","ping_status":"open","sticky":false,"template":"","format":"standard","meta":{"footnotes":""},"categories":[58,52],"tags":[],"class_list":["post-976","post","type-post","status-publish","format-standard","hentry","category-insolite","category-trike"],"yoast_head":"<!-- This site is optimized with the Yoast SEO plugin v26.0 - https:\/\/yoast.com\/wordpress\/plugins\/seo\/ -->\n<title>Trois roues bis et rebis - leblogmoto.com<\/title>\n<meta name=\"robots\" content=\"index, follow, max-snippet:-1, max-image-preview:large, max-video-preview:-1\" \/>\n<link rel=\"canonical\" href=\"https:\/\/blogs.thesocialmedia.com\/leblogmoto\/2008\/01\/04\/trois-roues-bis\/\" \/>\n<meta name=\"twitter:card\" content=\"summary_large_image\" \/>\n<meta name=\"twitter:title\" content=\"Trois roues bis et rebis - leblogmoto.com\" \/>\n<meta name=\"twitter:description\" content=\"Et en compl\u00e9ment de programme apr\u00e8s l&rsquo;article de Beno\u00eet, celui du LATimes qui revisite les m\u00eames machines que les habitu\u00e9s du Blog Moto et Auto reconna\u00eetront. Le Spyder est maintenant clich\u00e9 tout comme le MP3 de Piaggio, mais plus exotique sont le Aptera, vu ici chez nos confr\u00e8res du blog auto, et le Trirod F3 [&hellip;]\" \/>\n<meta name=\"twitter:image\" content=\"http:\/\/www.leblogmoto.com\/images\/2008\/01\/04\/trois.jpg\" \/>\n<meta name=\"twitter:label1\" content=\"\u00c9crit par\" \/>\n\t<meta name=\"twitter:data1\" content=\"jacques lesage\" \/>\n\t<meta name=\"twitter:label2\" content=\"Dur\u00e9e de lecture estim\u00e9e\" \/>\n\t<meta name=\"twitter:data2\" content=\"1 minute\" \/>\n<script type=\"application\/ld+json\" class=\"yoast-schema-graph\">{\"@context\":\"https:\/\/schema.org\",\"@graph\":[{\"@type\":\"WebPage\",\"@id\":\"https:\/\/blogs.thesocialmedia.com\/leblogmoto\/2008\/01\/04\/trois-roues-bis\/\",\"url\":\"https:\/\/blogs.thesocialmedia.com\/leblogmoto\/2008\/01\/04\/trois-roues-bis\/\",\"name\":\"Trois roues bis et rebis - leblogmoto.com\",\"isPartOf\":{\"@id\":\"https:\/\/blogs.thesocialmedia.com\/leblogmoto\/#website\"},\"primaryImageOfPage\":{\"@id\":\"https:\/\/blogs.thesocialmedia.com\/leblogmoto\/2008\/01\/04\/trois-roues-bis\/#primaryimage\"},\"image\":{\"@id\":\"https:\/\/blogs.thesocialmedia.com\/leblogmoto\/2008\/01\/04\/trois-roues-bis\/#primaryimage\"},\"thumbnailUrl\":\"http:\/\/www.leblogmoto.com\/images\/2008\/01\/04\/trois.jpg\",\"datePublished\":\"2008-01-04T17:17:09+00:00\",\"dateModified\":\"2012-07-11T15:10:09+00:00\",\"author\":{\"@id\":\"https:\/\/blogs.thesocialmedia.com\/leblogmoto\/#\/schema\/person\/e82a0ca8a9a63d031586097a3ed58526\"},\"breadcrumb\":{\"@id\":\"https:\/\/blogs.thesocialmedia.com\/leblogmoto\/2008\/01\/04\/trois-roues-bis\/#breadcrumb\"},\"inLanguage\":\"fr-FR\",\"potentialAction\":[{\"@type\":\"ReadAction\",\"target\":[\"https:\/\/blogs.thesocialmedia.com\/leblogmoto\/2008\/01\/04\/trois-roues-bis\/\"]}]},{\"@type\":\"ImageObject\",\"inLanguage\":\"fr-FR\",\"@id\":\"https:\/\/blogs.thesocialmedia.com\/leblogmoto\/2008\/01\/04\/trois-roues-bis\/#primaryimage\",\"url\":\"http:\/\/www.leblogmoto.com\/images\/2008\/01\/04\/trois.jpg\",\"contentUrl\":\"http:\/\/www.leblogmoto.com\/images\/2008\/01\/04\/trois.jpg\"},{\"@type\":\"BreadcrumbList\",\"@id\":\"https:\/\/blogs.thesocialmedia.com\/leblogmoto\/2008\/01\/04\/trois-roues-bis\/#breadcrumb\",\"itemListElement\":[{\"@type\":\"ListItem\",\"position\":1,\"name\":\"Accueil\",\"item\":\"https:\/\/blogs.thesocialmedia.com\/leblogmoto\/\"},{\"@type\":\"ListItem\",\"position\":2,\"name\":\"Trois roues bis et rebis\"}]},{\"@type\":\"WebSite\",\"@id\":\"https:\/\/blogs.thesocialmedia.com\/leblogmoto\/#website\",\"url\":\"https:\/\/blogs.thesocialmedia.com\/leblogmoto\/\",\"name\":\"leblogmoto\",\"description\":\"Toute l&#039;actualit\u00e9 des 2 roues\",\"potentialAction\":[{\"@type\":\"SearchAction\",\"target\":{\"@type\":\"EntryPoint\",\"urlTemplate\":\"https:\/\/blogs.thesocialmedia.com\/leblogmoto\/?s={search_term_string}\"},\"query-input\":{\"@type\":\"PropertyValueSpecification\",\"valueRequired\":true,\"valueName\":\"search_term_string\"}}],\"inLanguage\":\"fr-FR\"},{\"@type\":\"Person\",\"@id\":\"https:\/\/blogs.thesocialmedia.com\/leblogmoto\/#\/schema\/person\/e82a0ca8a9a63d031586097a3ed58526\",\"name\":\"jacques lesage\",\"image\":{\"@type\":\"ImageObject\",\"inLanguage\":\"fr-FR\",\"@id\":\"https:\/\/blogs.thesocialmedia.com\/leblogmoto\/#\/schema\/person\/image\/\",\"url\":\"https:\/\/secure.gravatar.com\/avatar\/?s=96&d=mm&r=g\",\"contentUrl\":\"https:\/\/secure.gravatar.com\/avatar\/?s=96&d=mm&r=g\",\"caption\":\"jacques lesage\"},\"url\":\"https:\/\/blogs.thesocialmedia.com\/leblogmoto\/author\/jacques-lesage\/\"}]}<\/script>\n<!-- \/ Yoast SEO plugin. -->","yoast_head_json":{"title":"Trois roues bis et rebis - leblogmoto.com","robots":{"index":"index","follow":"follow","max-snippet":"max-snippet:-1","max-image-preview":"max-image-preview:large","max-video-preview":"max-video-preview:-1"},"canonical":"https:\/\/blogs.thesocialmedia.com\/leblogmoto\/2008\/01\/04\/trois-roues-bis\/","twitter_card":"summary_large_image","twitter_title":"Trois roues bis et rebis - leblogmoto.com","twitter_description":"Et en compl\u00e9ment de programme apr\u00e8s l&rsquo;article de Beno\u00eet, celui du LATimes qui revisite les m\u00eames machines que les habitu\u00e9s du Blog Moto et Auto reconna\u00eetront. Le Spyder est maintenant clich\u00e9 tout comme le MP3 de Piaggio, mais plus exotique sont le Aptera, vu ici chez nos confr\u00e8res du blog auto, et le Trirod F3 [&hellip;]","twitter_image":"http:\/\/www.leblogmoto.com\/images\/2008\/01\/04\/trois.jpg","twitter_misc":{"\u00c9crit par":"jacques lesage","Dur\u00e9e de lecture estim\u00e9e":"1 minute"},"schema":{"@context":"https:\/\/schema.org","@graph":[{"@type":"WebPage","@id":"https:\/\/blogs.thesocialmedia.com\/leblogmoto\/2008\/01\/04\/trois-roues-bis\/","url":"https:\/\/blogs.thesocialmedia.com\/leblogmoto\/2008\/01\/04\/trois-roues-bis\/","name":"Trois roues bis et rebis - leblogmoto.com","isPartOf":{"@id":"https:\/\/blogs.thesocialmedia.com\/leblogmoto\/#website"},"primaryImageOfPage":{"@id":"https:\/\/blogs.thesocialmedia.com\/leblogmoto\/2008\/01\/04\/trois-roues-bis\/#primaryimage"},"image":{"@id":"https:\/\/blogs.thesocialmedia.com\/leblogmoto\/2008\/01\/04\/trois-roues-bis\/#primaryimage"},"thumbnailUrl":"http:\/\/www.leblogmoto.com\/images\/2008\/01\/04\/trois.jpg","datePublished":"2008-01-04T17:17:09+00:00","dateModified":"2012-07-11T15:10:09+00:00","author":{"@id":"https:\/\/blogs.thesocialmedia.com\/leblogmoto\/#\/schema\/person\/e82a0ca8a9a63d031586097a3ed58526"},"breadcrumb":{"@id":"https:\/\/blogs.thesocialmedia.com\/leblogmoto\/2008\/01\/04\/trois-roues-bis\/#breadcrumb"},"inLanguage":"fr-FR","potentialAction":[{"@type":"ReadAction","target":["https:\/\/blogs.thesocialmedia.com\/leblogmoto\/2008\/01\/04\/trois-roues-bis\/"]}]},{"@type":"ImageObject","inLanguage":"fr-FR","@id":"https:\/\/blogs.thesocialmedia.com\/leblogmoto\/2008\/01\/04\/trois-roues-bis\/#primaryimage","url":"http:\/\/www.leblogmoto.com\/images\/2008\/01\/04\/trois.jpg","contentUrl":"http:\/\/www.leblogmoto.com\/images\/2008\/01\/04\/trois.jpg"},{"@type":"BreadcrumbList","@id":"https:\/\/blogs.thesocialmedia.com\/leblogmoto\/2008\/01\/04\/trois-roues-bis\/#breadcrumb","itemListElement":[{"@type":"ListItem","position":1,"name":"Accueil","item":"https:\/\/blogs.thesocialmedia.com\/leblogmoto\/"},{"@type":"ListItem","position":2,"name":"Trois roues bis et rebis"}]},{"@type":"WebSite","@id":"https:\/\/blogs.thesocialmedia.com\/leblogmoto\/#website","url":"https:\/\/blogs.thesocialmedia.com\/leblogmoto\/","name":"leblogmoto","description":"Toute l&#039;actualit\u00e9 des 2 roues","potentialAction":[{"@type":"SearchAction","target":{"@type":"EntryPoint","urlTemplate":"https:\/\/blogs.thesocialmedia.com\/leblogmoto\/?s={search_term_string}"},"query-input":{"@type":"PropertyValueSpecification","valueRequired":true,"valueName":"search_term_string"}}],"inLanguage":"fr-FR"},{"@type":"Person","@id":"https:\/\/blogs.thesocialmedia.com\/leblogmoto\/#\/schema\/person\/e82a0ca8a9a63d031586097a3ed58526","name":"jacques lesage","image":{"@type":"ImageObject","inLanguage":"fr-FR","@id":"https:\/\/blogs.thesocialmedia.com\/leblogmoto\/#\/schema\/person\/image\/","url":"https:\/\/secure.gravatar.com\/avatar\/?s=96&d=mm&r=g","contentUrl":"https:\/\/secure.gravatar.com\/avatar\/?s=96&d=mm&r=g","caption":"jacques lesage"},"url":"https:\/\/blogs.thesocialmedia.com\/leblogmoto\/author\/jacques-lesage\/"}]}},"_links":{"self":[{"href":"https:\/\/blogs.thesocialmedia.com\/leblogmoto\/wp-json\/wp\/v2\/posts\/976","targetHints":{"allow":["GET"]}}],"collection":[{"href":"https:\/\/blogs.thesocialmedia.com\/leblogmoto\/wp-json\/wp\/v2\/posts"}],"about":[{"href":"https:\/\/blogs.thesocialmedia.com\/leblogmoto\/wp-json\/wp\/v2\/types\/post"}],"author":[{"embeddable":true,"href":"https:\/\/blogs.thesocialmedia.com\/leblogmoto\/wp-json\/wp\/v2\/users\/325"}],"replies":[{"embeddable":true,"href":"https:\/\/blogs.thesocialmedia.com\/leblogmoto\/wp-json\/wp\/v2\/comments?post=976"}],"version-history":[{"count":2,"href":"https:\/\/blogs.thesocialmedia.com\/leblogmoto\/wp-json\/wp\/v2\/posts\/976\/revisions"}],"predecessor-version":[{"id":9590,"href":"https:\/\/blogs.thesocialmedia.com\/leblogmoto\/wp-json\/wp\/v2\/posts\/976\/revisions\/9590"}],"wp:attachment":[{"href":"https:\/\/blogs.thesocialmedia.com\/leblogmoto\/wp-json\/wp\/v2\/media?parent=976"}],"wp:term":[{"taxonomy":"category","embeddable":true,"href":"https:\/\/blogs.thesocialmedia.com\/leblogmoto\/wp-json\/wp\/v2\/categories?post=976"},{"taxonomy":"post_tag","embeddable":true,"href":"https:\/\/blogs.thesocialmedia.com\/leblogmoto\/wp-json\/wp\/v2\/tags?post=976"}],"curies":[{"name":"wp","href":"https:\/\/api.w.org\/{rel}","templated":true}]}}