{"id":978,"date":"2008-01-03T21:22:54","date_gmt":"2008-01-03T21:22:54","guid":{"rendered":"http:\/\/blogs.thesocialmedia.com\/leblogmoto\/2008\/01\/03\/portfolio-du-ph\/"},"modified":"2012-07-11T15:09:51","modified_gmt":"2012-07-11T15:09:51","slug":"portfolio-du-ph","status":"publish","type":"post","link":"https:\/\/blogs.thesocialmedia.com\/leblogmoto\/2008\/01\/03\/portfolio-du-ph\/","title":{"rendered":"Superbe portfolio de Plons sur le Motocross\/Supercross."},"content":{"rendered":"<p><a href=\"http:\/\/blogs.thesocialmedia.com\/leblogmoto\/files\/2012\/07\/moto_photo_plons_racing_ltd_a.jpg\"><img loading=\"lazy\" decoding=\"async\" width=\"470\" height=\"315\"  src=\"http:\/\/www.leblogmoto.com\/images\/2008\/01\/03\/moto_photo_plons_racing_ltd_a.jpg\" alt=\"Moto_photo_plons_racing_ltd_a\" \/><\/a><\/p>\n<p><a href=\"http:\/\/blogs.thesocialmedia.com\/leblogmoto\/files\/2012\/07\/moto_photo_plons_racing_ltd_c.jpg\"><img loading=\"lazy\" decoding=\"async\" width=\"470\" height=\"317\"  src=\"http:\/\/www.leblogmoto.com\/images\/2008\/01\/03\/moto_photo_plons_racing_ltd_c.jpg\" alt=\"Moto_photo_plons_racing_ltd_c\" \/><\/a><\/p>\n<p>Le photographe <a href=\"http:\/\/www.mxworld.be\/gallery\/gallery.php?dir=Plonsblackwhite&amp;pic=3\">Plons<\/a> suit les grand prix de SX et MX et ses photos sont un v\u00e9ritable hommage aux pilotes (plus de clich\u00e9s sur <a href=\"http:\/\/www.mxworld.be\/gallery\/gallery.php?dir=Plonsblackwhite&amp;pic=79\">son site<\/a>). O\u00f9 l&rsquo;on constate que la boue, la poussi\u00e8re, et les passages dans les <em>camel jumps<\/em> et les <em>whoops<\/em> produisent de vraies &quot;gueules&quot;, loin de l&rsquo;image polic\u00e9e d&rsquo;autres sports. Pour les plus jeunes, la seconde photo repr\u00e9sente <a href=\"http:\/\/www.jmb111.com\/JMB%20111.html\">Jean-Miche Bayle<\/a>, devenu &quot;monsieur Honda&quot; en quelque sorte; l&rsquo;un des tr\u00e8s rares, avec <a href=\"http:\/\/www.leblogmoto.com\/2007\/11\/chad-reed-a-cla.html\">Chad Reed<\/a>, \u00e0 avoir battu les Am\u00e9ricains sur leur terrain.  <\/p>\n<p><a href=\"http:\/\/clabedan.typepad.com\/.shared\/image.html?\/photos\/uncategorized\/2008\/01\/03\/moto_photo_plons_racing_ltd_d.jpg\"><img loading=\"lazy\" decoding=\"async\" width=\"470\" height=\"315\"  src=\"http:\/\/www.leblogmoto.com\/images\/2008\/01\/03\/moto_photo_plons_racing_ltd_d.jpg\" alt=\"Moto_photo_plons_racing_ltd_d\" \/><\/a><\/p>\n<p><a href=\"http:\/\/blogs.thesocialmedia.com\/leblogmoto\/files\/2012\/07\/moto_photo_plons_racing_ltd_g.jpg\"><img loading=\"lazy\" decoding=\"async\" width=\"470\" height=\"315\"  src=\"http:\/\/www.leblogmoto.com\/images\/2008\/01\/03\/moto_photo_plons_racing_ltd_g.jpg\" alt=\"Moto_photo_plons_racing_ltd_g\" \/><\/a> <\/p>\n<p><a href=\"http:\/\/blogs.thesocialmedia.com\/leblogmoto\/files\/2012\/07\/moto_photo_plons_racing_ltd_b.jpg\"><img loading=\"lazy\" decoding=\"async\" width=\"470\" height=\"314\"  src=\"http:\/\/www.leblogmoto.com\/images\/2008\/01\/03\/moto_photo_plons_racing_ltd_b.jpg\" alt=\"Moto_photo_plons_racing_ltd_b\" \/><\/a><\/p>\n<p><a href=\"http:\/\/blogs.thesocialmedia.com\/leblogmoto\/files\/2012\/07\/moto_photo_plons_racing_ltd_e.jpg\"><img loading=\"lazy\" decoding=\"async\" width=\"470\" height=\"315\"  src=\"http:\/\/www.leblogmoto.com\/images\/2008\/01\/03\/moto_photo_plons_racing_ltd_e.jpg\" alt=\"Moto_photo_plons_racing_ltd_e\" \/><\/a> <\/p>\n<p><a href=\"http:\/\/blogs.thesocialmedia.com\/leblogmoto\/files\/2012\/07\/moto_photo_plons_racing_ltd_f.jpg\"><img loading=\"lazy\" decoding=\"async\" width=\"470\" height=\"315\"  src=\"http:\/\/www.leblogmoto.com\/images\/2008\/01\/03\/moto_photo_plons_racing_ltd_f.jpg\" alt=\"Moto_photo_plons_racing_ltd_f\" \/><\/a> <\/p>\n<p><em>Via le site <u>Toolenduro.com<\/u> <\/em> <\/p>\n","protected":false},"excerpt":{"rendered":"<p>Le photographe Plons suit les grand prix de SX et MX et ses photos sont un v\u00e9ritable hommage aux pilotes (plus de clich\u00e9s sur son site). O\u00f9 l&rsquo;on constate que la boue, la poussi\u00e8re, et les passages dans les camel jumps et les whoops produisent de vraies &quot;gueules&quot;, loin de l&rsquo;image polic\u00e9e d&rsquo;autres sports. Pour [&hellip;]<\/p>\n","protected":false},"author":324,"featured_media":0,"comment_status":"open","ping_status":"open","sticky":false,"template":"","format":"standard","meta":{"footnotes":""},"categories":[16,66,32],"tags":[],"class_list":["post-978","post","type-post","status-publish","format-standard","hentry","category-art-moto","category-moto-cross","category-sport-moto"],"yoast_head":"<!-- This site is optimized with the Yoast SEO plugin v26.0 - https:\/\/yoast.com\/wordpress\/plugins\/seo\/ -->\n<title>Superbe portfolio de Plons sur le Motocross\/Supercross. - leblogmoto.com<\/title>\n<meta name=\"robots\" content=\"index, follow, max-snippet:-1, max-image-preview:large, max-video-preview:-1\" \/>\n<link rel=\"canonical\" href=\"https:\/\/blogs.thesocialmedia.com\/leblogmoto\/2008\/01\/03\/portfolio-du-ph\/\" \/>\n<meta name=\"twitter:card\" content=\"summary_large_image\" \/>\n<meta name=\"twitter:title\" content=\"Superbe portfolio de Plons sur le Motocross\/Supercross. - leblogmoto.com\" \/>\n<meta name=\"twitter:description\" content=\"Le photographe Plons suit les grand prix de SX et MX et ses photos sont un v\u00e9ritable hommage aux pilotes (plus de clich\u00e9s sur son site). O\u00f9 l&rsquo;on constate que la boue, la poussi\u00e8re, et les passages dans les camel jumps et les whoops produisent de vraies &quot;gueules&quot;, loin de l&rsquo;image polic\u00e9e d&rsquo;autres sports. Pour [&hellip;]\" \/>\n<meta name=\"twitter:image\" content=\"http:\/\/www.leblogmoto.com\/images\/2008\/01\/03\/moto_photo_plons_racing_ltd_a.jpg\" \/>\n<meta name=\"twitter:label1\" content=\"\u00c9crit par\" \/>\n\t<meta name=\"twitter:data1\" content=\"benoit rieu\" \/>\n\t<meta name=\"twitter:label2\" content=\"Dur\u00e9e de lecture estim\u00e9e\" \/>\n\t<meta name=\"twitter:data2\" content=\"1 minute\" \/>\n<script type=\"application\/ld+json\" class=\"yoast-schema-graph\">{\"@context\":\"https:\/\/schema.org\",\"@graph\":[{\"@type\":\"WebPage\",\"@id\":\"https:\/\/blogs.thesocialmedia.com\/leblogmoto\/2008\/01\/03\/portfolio-du-ph\/\",\"url\":\"https:\/\/blogs.thesocialmedia.com\/leblogmoto\/2008\/01\/03\/portfolio-du-ph\/\",\"name\":\"Superbe portfolio de Plons sur le Motocross\/Supercross. - leblogmoto.com\",\"isPartOf\":{\"@id\":\"https:\/\/blogs.thesocialmedia.com\/leblogmoto\/#website\"},\"primaryImageOfPage\":{\"@id\":\"https:\/\/blogs.thesocialmedia.com\/leblogmoto\/2008\/01\/03\/portfolio-du-ph\/#primaryimage\"},\"image\":{\"@id\":\"https:\/\/blogs.thesocialmedia.com\/leblogmoto\/2008\/01\/03\/portfolio-du-ph\/#primaryimage\"},\"thumbnailUrl\":\"http:\/\/www.leblogmoto.com\/images\/2008\/01\/03\/moto_photo_plons_racing_ltd_a.jpg\",\"datePublished\":\"2008-01-03T21:22:54+00:00\",\"dateModified\":\"2012-07-11T15:09:51+00:00\",\"author\":{\"@id\":\"https:\/\/blogs.thesocialmedia.com\/leblogmoto\/#\/schema\/person\/18bfe773e5725ed6d24f743da805362a\"},\"breadcrumb\":{\"@id\":\"https:\/\/blogs.thesocialmedia.com\/leblogmoto\/2008\/01\/03\/portfolio-du-ph\/#breadcrumb\"},\"inLanguage\":\"fr-FR\",\"potentialAction\":[{\"@type\":\"ReadAction\",\"target\":[\"https:\/\/blogs.thesocialmedia.com\/leblogmoto\/2008\/01\/03\/portfolio-du-ph\/\"]}]},{\"@type\":\"ImageObject\",\"inLanguage\":\"fr-FR\",\"@id\":\"https:\/\/blogs.thesocialmedia.com\/leblogmoto\/2008\/01\/03\/portfolio-du-ph\/#primaryimage\",\"url\":\"http:\/\/www.leblogmoto.com\/images\/2008\/01\/03\/moto_photo_plons_racing_ltd_a.jpg\",\"contentUrl\":\"http:\/\/www.leblogmoto.com\/images\/2008\/01\/03\/moto_photo_plons_racing_ltd_a.jpg\"},{\"@type\":\"BreadcrumbList\",\"@id\":\"https:\/\/blogs.thesocialmedia.com\/leblogmoto\/2008\/01\/03\/portfolio-du-ph\/#breadcrumb\",\"itemListElement\":[{\"@type\":\"ListItem\",\"position\":1,\"name\":\"Accueil\",\"item\":\"https:\/\/blogs.thesocialmedia.com\/leblogmoto\/\"},{\"@type\":\"ListItem\",\"position\":2,\"name\":\"Superbe portfolio de Plons sur le Motocross\/Supercross.\"}]},{\"@type\":\"WebSite\",\"@id\":\"https:\/\/blogs.thesocialmedia.com\/leblogmoto\/#website\",\"url\":\"https:\/\/blogs.thesocialmedia.com\/leblogmoto\/\",\"name\":\"leblogmoto\",\"description\":\"Toute l&#039;actualit\u00e9 des 2 roues\",\"potentialAction\":[{\"@type\":\"SearchAction\",\"target\":{\"@type\":\"EntryPoint\",\"urlTemplate\":\"https:\/\/blogs.thesocialmedia.com\/leblogmoto\/?s={search_term_string}\"},\"query-input\":{\"@type\":\"PropertyValueSpecification\",\"valueRequired\":true,\"valueName\":\"search_term_string\"}}],\"inLanguage\":\"fr-FR\"},{\"@type\":\"Person\",\"@id\":\"https:\/\/blogs.thesocialmedia.com\/leblogmoto\/#\/schema\/person\/18bfe773e5725ed6d24f743da805362a\",\"name\":\"benoit rieu\",\"image\":{\"@type\":\"ImageObject\",\"inLanguage\":\"fr-FR\",\"@id\":\"https:\/\/blogs.thesocialmedia.com\/leblogmoto\/#\/schema\/person\/image\/\",\"url\":\"https:\/\/secure.gravatar.com\/avatar\/?s=96&d=mm&r=g\",\"contentUrl\":\"https:\/\/secure.gravatar.com\/avatar\/?s=96&d=mm&r=g\",\"caption\":\"benoit rieu\"},\"url\":\"https:\/\/blogs.thesocialmedia.com\/leblogmoto\/author\/benoit-rieu\/\"}]}<\/script>\n<!-- \/ Yoast SEO plugin. -->","yoast_head_json":{"title":"Superbe portfolio de Plons sur le Motocross\/Supercross. - leblogmoto.com","robots":{"index":"index","follow":"follow","max-snippet":"max-snippet:-1","max-image-preview":"max-image-preview:large","max-video-preview":"max-video-preview:-1"},"canonical":"https:\/\/blogs.thesocialmedia.com\/leblogmoto\/2008\/01\/03\/portfolio-du-ph\/","twitter_card":"summary_large_image","twitter_title":"Superbe portfolio de Plons sur le Motocross\/Supercross. - leblogmoto.com","twitter_description":"Le photographe Plons suit les grand prix de SX et MX et ses photos sont un v\u00e9ritable hommage aux pilotes (plus de clich\u00e9s sur son site). O\u00f9 l&rsquo;on constate que la boue, la poussi\u00e8re, et les passages dans les camel jumps et les whoops produisent de vraies &quot;gueules&quot;, loin de l&rsquo;image polic\u00e9e d&rsquo;autres sports. Pour [&hellip;]","twitter_image":"http:\/\/www.leblogmoto.com\/images\/2008\/01\/03\/moto_photo_plons_racing_ltd_a.jpg","twitter_misc":{"\u00c9crit par":"benoit rieu","Dur\u00e9e de lecture estim\u00e9e":"1 minute"},"schema":{"@context":"https:\/\/schema.org","@graph":[{"@type":"WebPage","@id":"https:\/\/blogs.thesocialmedia.com\/leblogmoto\/2008\/01\/03\/portfolio-du-ph\/","url":"https:\/\/blogs.thesocialmedia.com\/leblogmoto\/2008\/01\/03\/portfolio-du-ph\/","name":"Superbe portfolio de Plons sur le Motocross\/Supercross. - leblogmoto.com","isPartOf":{"@id":"https:\/\/blogs.thesocialmedia.com\/leblogmoto\/#website"},"primaryImageOfPage":{"@id":"https:\/\/blogs.thesocialmedia.com\/leblogmoto\/2008\/01\/03\/portfolio-du-ph\/#primaryimage"},"image":{"@id":"https:\/\/blogs.thesocialmedia.com\/leblogmoto\/2008\/01\/03\/portfolio-du-ph\/#primaryimage"},"thumbnailUrl":"http:\/\/www.leblogmoto.com\/images\/2008\/01\/03\/moto_photo_plons_racing_ltd_a.jpg","datePublished":"2008-01-03T21:22:54+00:00","dateModified":"2012-07-11T15:09:51+00:00","author":{"@id":"https:\/\/blogs.thesocialmedia.com\/leblogmoto\/#\/schema\/person\/18bfe773e5725ed6d24f743da805362a"},"breadcrumb":{"@id":"https:\/\/blogs.thesocialmedia.com\/leblogmoto\/2008\/01\/03\/portfolio-du-ph\/#breadcrumb"},"inLanguage":"fr-FR","potentialAction":[{"@type":"ReadAction","target":["https:\/\/blogs.thesocialmedia.com\/leblogmoto\/2008\/01\/03\/portfolio-du-ph\/"]}]},{"@type":"ImageObject","inLanguage":"fr-FR","@id":"https:\/\/blogs.thesocialmedia.com\/leblogmoto\/2008\/01\/03\/portfolio-du-ph\/#primaryimage","url":"http:\/\/www.leblogmoto.com\/images\/2008\/01\/03\/moto_photo_plons_racing_ltd_a.jpg","contentUrl":"http:\/\/www.leblogmoto.com\/images\/2008\/01\/03\/moto_photo_plons_racing_ltd_a.jpg"},{"@type":"BreadcrumbList","@id":"https:\/\/blogs.thesocialmedia.com\/leblogmoto\/2008\/01\/03\/portfolio-du-ph\/#breadcrumb","itemListElement":[{"@type":"ListItem","position":1,"name":"Accueil","item":"https:\/\/blogs.thesocialmedia.com\/leblogmoto\/"},{"@type":"ListItem","position":2,"name":"Superbe portfolio de Plons sur le Motocross\/Supercross."}]},{"@type":"WebSite","@id":"https:\/\/blogs.thesocialmedia.com\/leblogmoto\/#website","url":"https:\/\/blogs.thesocialmedia.com\/leblogmoto\/","name":"leblogmoto","description":"Toute l&#039;actualit\u00e9 des 2 roues","potentialAction":[{"@type":"SearchAction","target":{"@type":"EntryPoint","urlTemplate":"https:\/\/blogs.thesocialmedia.com\/leblogmoto\/?s={search_term_string}"},"query-input":{"@type":"PropertyValueSpecification","valueRequired":true,"valueName":"search_term_string"}}],"inLanguage":"fr-FR"},{"@type":"Person","@id":"https:\/\/blogs.thesocialmedia.com\/leblogmoto\/#\/schema\/person\/18bfe773e5725ed6d24f743da805362a","name":"benoit rieu","image":{"@type":"ImageObject","inLanguage":"fr-FR","@id":"https:\/\/blogs.thesocialmedia.com\/leblogmoto\/#\/schema\/person\/image\/","url":"https:\/\/secure.gravatar.com\/avatar\/?s=96&d=mm&r=g","contentUrl":"https:\/\/secure.gravatar.com\/avatar\/?s=96&d=mm&r=g","caption":"benoit rieu"},"url":"https:\/\/blogs.thesocialmedia.com\/leblogmoto\/author\/benoit-rieu\/"}]}},"_links":{"self":[{"href":"https:\/\/blogs.thesocialmedia.com\/leblogmoto\/wp-json\/wp\/v2\/posts\/978","targetHints":{"allow":["GET"]}}],"collection":[{"href":"https:\/\/blogs.thesocialmedia.com\/leblogmoto\/wp-json\/wp\/v2\/posts"}],"about":[{"href":"https:\/\/blogs.thesocialmedia.com\/leblogmoto\/wp-json\/wp\/v2\/types\/post"}],"author":[{"embeddable":true,"href":"https:\/\/blogs.thesocialmedia.com\/leblogmoto\/wp-json\/wp\/v2\/users\/324"}],"replies":[{"embeddable":true,"href":"https:\/\/blogs.thesocialmedia.com\/leblogmoto\/wp-json\/wp\/v2\/comments?post=978"}],"version-history":[{"count":2,"href":"https:\/\/blogs.thesocialmedia.com\/leblogmoto\/wp-json\/wp\/v2\/posts\/978\/revisions"}],"predecessor-version":[{"id":9580,"href":"https:\/\/blogs.thesocialmedia.com\/leblogmoto\/wp-json\/wp\/v2\/posts\/978\/revisions\/9580"}],"wp:attachment":[{"href":"https:\/\/blogs.thesocialmedia.com\/leblogmoto\/wp-json\/wp\/v2\/media?parent=978"}],"wp:term":[{"taxonomy":"category","embeddable":true,"href":"https:\/\/blogs.thesocialmedia.com\/leblogmoto\/wp-json\/wp\/v2\/categories?post=978"},{"taxonomy":"post_tag","embeddable":true,"href":"https:\/\/blogs.thesocialmedia.com\/leblogmoto\/wp-json\/wp\/v2\/tags?post=978"}],"curies":[{"name":"wp","href":"https:\/\/api.w.org\/{rel}","templated":true}]}}