{"id":979,"date":"2008-01-02T23:58:39","date_gmt":"2008-01-02T23:58:39","guid":{"rendered":"http:\/\/blogs.thesocialmedia.com\/leblogmoto\/2008\/01\/02\/la-police-belge\/"},"modified":"2012-07-11T15:09:30","modified_gmt":"2012-07-11T15:09:30","slug":"la-police-belge","status":"publish","type":"post","link":"https:\/\/blogs.thesocialmedia.com\/leblogmoto\/2008\/01\/02\/la-police-belge\/","title":{"rendered":"La police belge opterait pour les Kawasaki 1400 GTR."},"content":{"rendered":"<p><a href=\"http:\/\/blogs.thesocialmedia.com\/leblogmoto\/files\/2012\/07\/moto_police_la_police_belge_opter_2.jpg\"><img loading=\"lazy\" decoding=\"async\" width=\"470\" height=\"313\"  alt=\"Moto_police_la_police_belge_opter_2\" src=\"http:\/\/www.leblogmoto.com\/images\/2008\/01\/02\/moto_police_la_police_belge_opter_2.jpg\" \/><\/a><\/p>\n<p>Nos voisins d&rsquo;outre-Qui\u00e9vrain pourraient s&rsquo;\u00e9quiper en Kawasaki en vue de fournir leurs brigades motoris\u00e9es de la Police, selon nos amis de <a href=\"http:\/\/www.vroom.be\/\">vroom.be<\/a>. La version police (photo) de la Kawa sera d&rsquo;ailleurs pr\u00e9sent\u00e9e au Salon Auto et Moto de Bruxelles du 17 au 27 janvier, et c&rsquo;est le pr\u00e9parateur BMT (Belgium Motorcycle Transformation) qui s&rsquo;est charg\u00e9 de la touche &quot;MIB&quot;. L&rsquo;occasion pour nous de revenir tr\u00e8s rapidement sur les motos qui \u00e9quipent les Forces de l&rsquo;Ordre fran\u00e7aises.<\/p>\n<p>M\u00eame depuis la perte r\u00e9cente du march\u00e9 dit des &quot;motos de l&rsquo;Administration&quot; (Douanes, Police et Gendarmerie) par BMW et le passage du flat twin allemand aux quatre cylindres en ligne japonais de Yamaha, les flottes demeurent tr\u00e8s bigarr\u00e9es. <\/p>\n<p>Ainsi la police nationale est certes \u00e9quip\u00e9e des nouvelles Yamaha FJR 1300 (toute derni\u00e8re photo tir\u00e9e du blog <a href=\"http:\/\/blogsperso.orange.fr\/web\/jsp\/blog.jsp?page=1&amp;blogID=173996\">Moto et Motards<\/a>) et TDM 900, \u00e9galement fabriqu\u00e9 par la marque aux trois diapasons, mais des mod\u00e8les comme la BMW 1150 RT (photo issue de <a href=\"http:\/\/www.flickr.com\/photos\/dapmapmgmp\/collections\/72157600290242463\/\">Nana S<\/a> sur flickster) sont toujours en service. <\/p>\n<p>De m\u00eame pour la Gendarmerie Nationale qui poss\u00e8de entre autres, des BMW R1150 RT et R1100 RT et les pr\u00e9cit\u00e9es Yamaha FJR. A noter pour m\u00e9moire et comme particularit\u00e9 &quot;exotique&quot;, l&rsquo;utilisation chez les escadrons d&rsquo;acrobatie des CRS (donc Police) de la Harley Davidson Sportster&#8230;<\/p>\n<p><a href=\"http:\/\/clabedan.typepad.com\/.shared\/image.html?\/photos\/uncategorized\/2008\/01\/02\/moto_police_bmw_flicker_nana_s.jpg\"><img loading=\"lazy\" decoding=\"async\" width=\"470\" height=\"312\"  alt=\"Moto_police_bmw_flicker_nana_s\" src=\"http:\/\/www.leblogmoto.com\/images\/2008\/01\/02\/moto_police_bmw_flicker_nana_s.jpg\" \/><\/a> <\/p>\n<p><a href=\"http:\/\/blogs.thesocialmedia.com\/leblogmoto\/files\/2012\/07\/moto_police_yamaha_fjr_1300.jpg\"><img loading=\"lazy\" decoding=\"async\" width=\"470\" height=\"312\"  alt=\"Moto_police_yamaha_fjr_1300\" src=\"http:\/\/www.leblogmoto.com\/images\/2008\/01\/02\/moto_police_yamaha_fjr_1300.jpg\" \/><\/a> <\/p>\n","protected":false},"excerpt":{"rendered":"<p>Nos voisins d&rsquo;outre-Qui\u00e9vrain pourraient s&rsquo;\u00e9quiper en Kawasaki en vue de fournir leurs brigades motoris\u00e9es de la Police, selon nos amis de vroom.be. La version police (photo) de la Kawa sera d&rsquo;ailleurs pr\u00e9sent\u00e9e au Salon Auto et Moto de Bruxelles du 17 au 27 janvier, et c&rsquo;est le pr\u00e9parateur BMT (Belgium Motorcycle Transformation) qui s&rsquo;est charg\u00e9 [&hellip;]<\/p>\n","protected":false},"author":324,"featured_media":0,"comment_status":"open","ping_status":"open","sticky":false,"template":"","format":"standard","meta":{"footnotes":""},"categories":[3,45,27],"tags":[],"class_list":["post-979","post","type-post","status-publish","format-standard","hentry","category-actualite","category-kawasaki","category-securite"],"yoast_head":"<!-- This site is optimized with the Yoast SEO plugin v26.0 - https:\/\/yoast.com\/wordpress\/plugins\/seo\/ -->\n<title>La police belge opterait pour les Kawasaki 1400 GTR. - leblogmoto.com<\/title>\n<meta name=\"robots\" content=\"index, follow, max-snippet:-1, max-image-preview:large, max-video-preview:-1\" \/>\n<link rel=\"canonical\" href=\"https:\/\/blogs.thesocialmedia.com\/leblogmoto\/2008\/01\/02\/la-police-belge\/\" \/>\n<meta name=\"twitter:card\" content=\"summary_large_image\" \/>\n<meta name=\"twitter:title\" content=\"La police belge opterait pour les Kawasaki 1400 GTR. - leblogmoto.com\" \/>\n<meta name=\"twitter:description\" content=\"Nos voisins d&rsquo;outre-Qui\u00e9vrain pourraient s&rsquo;\u00e9quiper en Kawasaki en vue de fournir leurs brigades motoris\u00e9es de la Police, selon nos amis de vroom.be. La version police (photo) de la Kawa sera d&rsquo;ailleurs pr\u00e9sent\u00e9e au Salon Auto et Moto de Bruxelles du 17 au 27 janvier, et c&rsquo;est le pr\u00e9parateur BMT (Belgium Motorcycle Transformation) qui s&rsquo;est charg\u00e9 [&hellip;]\" \/>\n<meta name=\"twitter:image\" content=\"http:\/\/www.leblogmoto.com\/images\/2008\/01\/02\/moto_police_la_police_belge_opter_2.jpg\" \/>\n<meta name=\"twitter:label1\" content=\"\u00c9crit par\" \/>\n\t<meta name=\"twitter:data1\" content=\"benoit rieu\" \/>\n\t<meta name=\"twitter:label2\" content=\"Dur\u00e9e de lecture estim\u00e9e\" \/>\n\t<meta name=\"twitter:data2\" content=\"1 minute\" \/>\n<script type=\"application\/ld+json\" class=\"yoast-schema-graph\">{\"@context\":\"https:\/\/schema.org\",\"@graph\":[{\"@type\":\"WebPage\",\"@id\":\"https:\/\/blogs.thesocialmedia.com\/leblogmoto\/2008\/01\/02\/la-police-belge\/\",\"url\":\"https:\/\/blogs.thesocialmedia.com\/leblogmoto\/2008\/01\/02\/la-police-belge\/\",\"name\":\"La police belge opterait pour les Kawasaki 1400 GTR. - leblogmoto.com\",\"isPartOf\":{\"@id\":\"https:\/\/blogs.thesocialmedia.com\/leblogmoto\/#website\"},\"primaryImageOfPage\":{\"@id\":\"https:\/\/blogs.thesocialmedia.com\/leblogmoto\/2008\/01\/02\/la-police-belge\/#primaryimage\"},\"image\":{\"@id\":\"https:\/\/blogs.thesocialmedia.com\/leblogmoto\/2008\/01\/02\/la-police-belge\/#primaryimage\"},\"thumbnailUrl\":\"http:\/\/www.leblogmoto.com\/images\/2008\/01\/02\/moto_police_la_police_belge_opter_2.jpg\",\"datePublished\":\"2008-01-02T23:58:39+00:00\",\"dateModified\":\"2012-07-11T15:09:30+00:00\",\"author\":{\"@id\":\"https:\/\/blogs.thesocialmedia.com\/leblogmoto\/#\/schema\/person\/18bfe773e5725ed6d24f743da805362a\"},\"breadcrumb\":{\"@id\":\"https:\/\/blogs.thesocialmedia.com\/leblogmoto\/2008\/01\/02\/la-police-belge\/#breadcrumb\"},\"inLanguage\":\"fr-FR\",\"potentialAction\":[{\"@type\":\"ReadAction\",\"target\":[\"https:\/\/blogs.thesocialmedia.com\/leblogmoto\/2008\/01\/02\/la-police-belge\/\"]}]},{\"@type\":\"ImageObject\",\"inLanguage\":\"fr-FR\",\"@id\":\"https:\/\/blogs.thesocialmedia.com\/leblogmoto\/2008\/01\/02\/la-police-belge\/#primaryimage\",\"url\":\"http:\/\/www.leblogmoto.com\/images\/2008\/01\/02\/moto_police_la_police_belge_opter_2.jpg\",\"contentUrl\":\"http:\/\/www.leblogmoto.com\/images\/2008\/01\/02\/moto_police_la_police_belge_opter_2.jpg\"},{\"@type\":\"BreadcrumbList\",\"@id\":\"https:\/\/blogs.thesocialmedia.com\/leblogmoto\/2008\/01\/02\/la-police-belge\/#breadcrumb\",\"itemListElement\":[{\"@type\":\"ListItem\",\"position\":1,\"name\":\"Accueil\",\"item\":\"https:\/\/blogs.thesocialmedia.com\/leblogmoto\/\"},{\"@type\":\"ListItem\",\"position\":2,\"name\":\"La police belge opterait pour les Kawasaki 1400 GTR.\"}]},{\"@type\":\"WebSite\",\"@id\":\"https:\/\/blogs.thesocialmedia.com\/leblogmoto\/#website\",\"url\":\"https:\/\/blogs.thesocialmedia.com\/leblogmoto\/\",\"name\":\"leblogmoto\",\"description\":\"Toute l&#039;actualit\u00e9 des 2 roues\",\"potentialAction\":[{\"@type\":\"SearchAction\",\"target\":{\"@type\":\"EntryPoint\",\"urlTemplate\":\"https:\/\/blogs.thesocialmedia.com\/leblogmoto\/?s={search_term_string}\"},\"query-input\":{\"@type\":\"PropertyValueSpecification\",\"valueRequired\":true,\"valueName\":\"search_term_string\"}}],\"inLanguage\":\"fr-FR\"},{\"@type\":\"Person\",\"@id\":\"https:\/\/blogs.thesocialmedia.com\/leblogmoto\/#\/schema\/person\/18bfe773e5725ed6d24f743da805362a\",\"name\":\"benoit rieu\",\"image\":{\"@type\":\"ImageObject\",\"inLanguage\":\"fr-FR\",\"@id\":\"https:\/\/blogs.thesocialmedia.com\/leblogmoto\/#\/schema\/person\/image\/\",\"url\":\"https:\/\/secure.gravatar.com\/avatar\/?s=96&d=mm&r=g\",\"contentUrl\":\"https:\/\/secure.gravatar.com\/avatar\/?s=96&d=mm&r=g\",\"caption\":\"benoit rieu\"},\"url\":\"https:\/\/blogs.thesocialmedia.com\/leblogmoto\/author\/benoit-rieu\/\"}]}<\/script>\n<!-- \/ Yoast SEO plugin. -->","yoast_head_json":{"title":"La police belge opterait pour les Kawasaki 1400 GTR. - leblogmoto.com","robots":{"index":"index","follow":"follow","max-snippet":"max-snippet:-1","max-image-preview":"max-image-preview:large","max-video-preview":"max-video-preview:-1"},"canonical":"https:\/\/blogs.thesocialmedia.com\/leblogmoto\/2008\/01\/02\/la-police-belge\/","twitter_card":"summary_large_image","twitter_title":"La police belge opterait pour les Kawasaki 1400 GTR. - leblogmoto.com","twitter_description":"Nos voisins d&rsquo;outre-Qui\u00e9vrain pourraient s&rsquo;\u00e9quiper en Kawasaki en vue de fournir leurs brigades motoris\u00e9es de la Police, selon nos amis de vroom.be. La version police (photo) de la Kawa sera d&rsquo;ailleurs pr\u00e9sent\u00e9e au Salon Auto et Moto de Bruxelles du 17 au 27 janvier, et c&rsquo;est le pr\u00e9parateur BMT (Belgium Motorcycle Transformation) qui s&rsquo;est charg\u00e9 [&hellip;]","twitter_image":"http:\/\/www.leblogmoto.com\/images\/2008\/01\/02\/moto_police_la_police_belge_opter_2.jpg","twitter_misc":{"\u00c9crit par":"benoit rieu","Dur\u00e9e de lecture estim\u00e9e":"1 minute"},"schema":{"@context":"https:\/\/schema.org","@graph":[{"@type":"WebPage","@id":"https:\/\/blogs.thesocialmedia.com\/leblogmoto\/2008\/01\/02\/la-police-belge\/","url":"https:\/\/blogs.thesocialmedia.com\/leblogmoto\/2008\/01\/02\/la-police-belge\/","name":"La police belge opterait pour les Kawasaki 1400 GTR. - leblogmoto.com","isPartOf":{"@id":"https:\/\/blogs.thesocialmedia.com\/leblogmoto\/#website"},"primaryImageOfPage":{"@id":"https:\/\/blogs.thesocialmedia.com\/leblogmoto\/2008\/01\/02\/la-police-belge\/#primaryimage"},"image":{"@id":"https:\/\/blogs.thesocialmedia.com\/leblogmoto\/2008\/01\/02\/la-police-belge\/#primaryimage"},"thumbnailUrl":"http:\/\/www.leblogmoto.com\/images\/2008\/01\/02\/moto_police_la_police_belge_opter_2.jpg","datePublished":"2008-01-02T23:58:39+00:00","dateModified":"2012-07-11T15:09:30+00:00","author":{"@id":"https:\/\/blogs.thesocialmedia.com\/leblogmoto\/#\/schema\/person\/18bfe773e5725ed6d24f743da805362a"},"breadcrumb":{"@id":"https:\/\/blogs.thesocialmedia.com\/leblogmoto\/2008\/01\/02\/la-police-belge\/#breadcrumb"},"inLanguage":"fr-FR","potentialAction":[{"@type":"ReadAction","target":["https:\/\/blogs.thesocialmedia.com\/leblogmoto\/2008\/01\/02\/la-police-belge\/"]}]},{"@type":"ImageObject","inLanguage":"fr-FR","@id":"https:\/\/blogs.thesocialmedia.com\/leblogmoto\/2008\/01\/02\/la-police-belge\/#primaryimage","url":"http:\/\/www.leblogmoto.com\/images\/2008\/01\/02\/moto_police_la_police_belge_opter_2.jpg","contentUrl":"http:\/\/www.leblogmoto.com\/images\/2008\/01\/02\/moto_police_la_police_belge_opter_2.jpg"},{"@type":"BreadcrumbList","@id":"https:\/\/blogs.thesocialmedia.com\/leblogmoto\/2008\/01\/02\/la-police-belge\/#breadcrumb","itemListElement":[{"@type":"ListItem","position":1,"name":"Accueil","item":"https:\/\/blogs.thesocialmedia.com\/leblogmoto\/"},{"@type":"ListItem","position":2,"name":"La police belge opterait pour les Kawasaki 1400 GTR."}]},{"@type":"WebSite","@id":"https:\/\/blogs.thesocialmedia.com\/leblogmoto\/#website","url":"https:\/\/blogs.thesocialmedia.com\/leblogmoto\/","name":"leblogmoto","description":"Toute l&#039;actualit\u00e9 des 2 roues","potentialAction":[{"@type":"SearchAction","target":{"@type":"EntryPoint","urlTemplate":"https:\/\/blogs.thesocialmedia.com\/leblogmoto\/?s={search_term_string}"},"query-input":{"@type":"PropertyValueSpecification","valueRequired":true,"valueName":"search_term_string"}}],"inLanguage":"fr-FR"},{"@type":"Person","@id":"https:\/\/blogs.thesocialmedia.com\/leblogmoto\/#\/schema\/person\/18bfe773e5725ed6d24f743da805362a","name":"benoit rieu","image":{"@type":"ImageObject","inLanguage":"fr-FR","@id":"https:\/\/blogs.thesocialmedia.com\/leblogmoto\/#\/schema\/person\/image\/","url":"https:\/\/secure.gravatar.com\/avatar\/?s=96&d=mm&r=g","contentUrl":"https:\/\/secure.gravatar.com\/avatar\/?s=96&d=mm&r=g","caption":"benoit rieu"},"url":"https:\/\/blogs.thesocialmedia.com\/leblogmoto\/author\/benoit-rieu\/"}]}},"_links":{"self":[{"href":"https:\/\/blogs.thesocialmedia.com\/leblogmoto\/wp-json\/wp\/v2\/posts\/979","targetHints":{"allow":["GET"]}}],"collection":[{"href":"https:\/\/blogs.thesocialmedia.com\/leblogmoto\/wp-json\/wp\/v2\/posts"}],"about":[{"href":"https:\/\/blogs.thesocialmedia.com\/leblogmoto\/wp-json\/wp\/v2\/types\/post"}],"author":[{"embeddable":true,"href":"https:\/\/blogs.thesocialmedia.com\/leblogmoto\/wp-json\/wp\/v2\/users\/324"}],"replies":[{"embeddable":true,"href":"https:\/\/blogs.thesocialmedia.com\/leblogmoto\/wp-json\/wp\/v2\/comments?post=979"}],"version-history":[{"count":2,"href":"https:\/\/blogs.thesocialmedia.com\/leblogmoto\/wp-json\/wp\/v2\/posts\/979\/revisions"}],"predecessor-version":[{"id":9573,"href":"https:\/\/blogs.thesocialmedia.com\/leblogmoto\/wp-json\/wp\/v2\/posts\/979\/revisions\/9573"}],"wp:attachment":[{"href":"https:\/\/blogs.thesocialmedia.com\/leblogmoto\/wp-json\/wp\/v2\/media?parent=979"}],"wp:term":[{"taxonomy":"category","embeddable":true,"href":"https:\/\/blogs.thesocialmedia.com\/leblogmoto\/wp-json\/wp\/v2\/categories?post=979"},{"taxonomy":"post_tag","embeddable":true,"href":"https:\/\/blogs.thesocialmedia.com\/leblogmoto\/wp-json\/wp\/v2\/tags?post=979"}],"curies":[{"name":"wp","href":"https:\/\/api.w.org\/{rel}","templated":true}]}}