{"id":98,"date":"2009-06-26T23:17:05","date_gmt":"2009-06-26T23:17:05","guid":{"rendered":"http:\/\/blogs.thesocialmedia.com\/leblogmoto\/2009\/06\/26\/championnat-motos-electriques-fim\/"},"modified":"2012-07-11T17:32:54","modified_gmt":"2012-07-11T17:32:54","slug":"championnat-motos-electriques-fim","status":"publish","type":"post","link":"https:\/\/blogs.thesocialmedia.com\/leblogmoto\/2009\/06\/26\/championnat-motos-electriques-fim\/","title":{"rendered":"La FIM cr\u00e9e un championnat d\u00e9di\u00e9 aux motos \u00e9lectriques."},"content":{"rendered":"<p><a href=\"http:\/\/blogs.thesocialmedia.com\/leblogmoto\/files\/2012\/07\/6a00d83451b18369e201157072ee5a970c-popup.png\"><img decoding=\"async\" alt=\"Moto FIM Communiqu\u00e9 Presse.\" class=\"at-xid-6a00d83451b18369e201157072ee5a970c \" src=\"http:\/\/blogs.thesocialmedia.com\/leblogmoto\/files\/2012\/07\/6a00d83451b18369e201157072ee5a970c-500wi.jpg\" \/><\/a><\/p>\n<p>Voici un <a href=\"http:\/\/www.fim-live.com\/fileadmin\/alfresco\/Communiques_de_presse\/La_FIM_cree_une_nouvelle_serie_pour_motocycles_electriques_en_2010..pdf\">communiqu\u00e9 de presse<\/a> qui risque de faire date, je pense, m\u00eame si j&#039;ai beaucoup de mal avec les motos qui ne font pas de bruit et les m\u00e9caniques qui ne vibrent pas (pas d&#039;allusion salace s&#039;il vous pla\u00eet). Et que je&#160;demeure personnellement convaincu que les Grand Prix vitesse se courront avec un moteur \u00e0 explosion m\u00eame encore dans vingt ans. Pas besoin de p\u00e9trole, les <a href=\"http:\/\/www.leblogmoto.com\/2007\/12\/quest-ce-que-ce.html\">b\u00e9canes de Speedway<\/a> racing boivent depuis plus d&#039;un si\u00e8cle du m\u00e9thanol.&#160;Inutile de m&#039;insulter amis \u00e9cologistes, cela n&#039;engage que moi. Bref. Satisfaite de l&#039;\u00e9preuve TTXGP sur l&#039;\u00eele de Man, la F\u00e9d\u00e9ration Internationale de Motocyclisme a pris la d\u00e9cision de cr\u00e9er une s\u00e9rie pour motos \u00e9lectriques en 2010.&#160;A ce sujet la&#160;contrainte environnementale \u00e9voqu\u00e9 par le pr\u00e9sident de la FIM,&#160;ressemble beaucoup \u00e0 un d\u00e9sir de st\u00e9rilisation: &quot;moteur non polluant en ce qui concerne les \u00e9missions de gaz et les <span style=\"text-decoration: underline\">\u00e9missions sonores<\/span>&quot;. Passons, il s&#039;agit surtout de d\u00e9montrer que&#160;ces deux-roues&#160;sont capables de concilier le respect de l&#039;environnement et le plaisir de la comp\u00e9tition, je cite: &quot;fun (en anglais dans le texte), rapide et stimulante&quot;. L\u00e0, par contre, je signe de suite.<\/p>\n","protected":false},"excerpt":{"rendered":"<p>Voici un communiqu\u00e9 de presse qui risque de faire date, je pense, m\u00eame si j&#039;ai beaucoup de mal avec les motos qui ne font pas de bruit et les m\u00e9caniques qui ne vibrent pas (pas d&#039;allusion salace s&#039;il vous pla\u00eet). Et que je&#160;demeure personnellement convaincu que les Grand Prix vitesse se courront avec un moteur [&hellip;]<\/p>\n","protected":false},"author":324,"featured_media":13871,"comment_status":"open","ping_status":"open","sticky":false,"template":"","format":"standard","meta":{"footnotes":""},"categories":[3,30,32],"tags":[],"class_list":["post-98","post","type-post","status-publish","format-standard","has-post-thumbnail","hentry","category-actualite","category-bio-carburantsvehicules-propres","category-sport-moto"],"yoast_head":"<!-- This site is optimized with the Yoast SEO plugin v26.0 - https:\/\/yoast.com\/wordpress\/plugins\/seo\/ -->\n<title>La FIM cr\u00e9e un championnat d\u00e9di\u00e9 aux motos \u00e9lectriques. - leblogmoto.com<\/title>\n<meta name=\"robots\" content=\"index, follow, max-snippet:-1, max-image-preview:large, max-video-preview:-1\" \/>\n<link rel=\"canonical\" href=\"https:\/\/blogs.thesocialmedia.com\/leblogmoto\/2009\/06\/26\/championnat-motos-electriques-fim\/\" \/>\n<meta name=\"twitter:card\" content=\"summary_large_image\" \/>\n<meta name=\"twitter:title\" content=\"La FIM cr\u00e9e un championnat d\u00e9di\u00e9 aux motos \u00e9lectriques. - leblogmoto.com\" \/>\n<meta name=\"twitter:description\" content=\"Voici un communiqu\u00e9 de presse qui risque de faire date, je pense, m\u00eame si j&#039;ai beaucoup de mal avec les motos qui ne font pas de bruit et les m\u00e9caniques qui ne vibrent pas (pas d&#039;allusion salace s&#039;il vous pla\u00eet). Et que je&#160;demeure personnellement convaincu que les Grand Prix vitesse se courront avec un moteur [&hellip;]\" \/>\n<meta name=\"twitter:image\" content=\"https:\/\/blogs.thesocialmedia.com\/leblogmoto\/files\/2012\/07\/6a00d83451b18369e201157072ee5a970c-500wi.jpg\" \/>\n<meta name=\"twitter:label1\" content=\"\u00c9crit par\" \/>\n\t<meta name=\"twitter:data1\" content=\"benoit rieu\" \/>\n\t<meta name=\"twitter:label2\" content=\"Dur\u00e9e de lecture estim\u00e9e\" \/>\n\t<meta name=\"twitter:data2\" content=\"1 minute\" \/>\n<script type=\"application\/ld+json\" class=\"yoast-schema-graph\">{\"@context\":\"https:\/\/schema.org\",\"@graph\":[{\"@type\":\"WebPage\",\"@id\":\"https:\/\/blogs.thesocialmedia.com\/leblogmoto\/2009\/06\/26\/championnat-motos-electriques-fim\/\",\"url\":\"https:\/\/blogs.thesocialmedia.com\/leblogmoto\/2009\/06\/26\/championnat-motos-electriques-fim\/\",\"name\":\"La FIM cr\u00e9e un championnat d\u00e9di\u00e9 aux motos \u00e9lectriques. - leblogmoto.com\",\"isPartOf\":{\"@id\":\"https:\/\/blogs.thesocialmedia.com\/leblogmoto\/#website\"},\"primaryImageOfPage\":{\"@id\":\"https:\/\/blogs.thesocialmedia.com\/leblogmoto\/2009\/06\/26\/championnat-motos-electriques-fim\/#primaryimage\"},\"image\":{\"@id\":\"https:\/\/blogs.thesocialmedia.com\/leblogmoto\/2009\/06\/26\/championnat-motos-electriques-fim\/#primaryimage\"},\"thumbnailUrl\":\"https:\/\/blogs.thesocialmedia.com\/leblogmoto\/files\/2012\/07\/6a00d83451b18369e201157072ee5a970c-500wi.jpg\",\"datePublished\":\"2009-06-26T23:17:05+00:00\",\"dateModified\":\"2012-07-11T17:32:54+00:00\",\"author\":{\"@id\":\"https:\/\/blogs.thesocialmedia.com\/leblogmoto\/#\/schema\/person\/18bfe773e5725ed6d24f743da805362a\"},\"breadcrumb\":{\"@id\":\"https:\/\/blogs.thesocialmedia.com\/leblogmoto\/2009\/06\/26\/championnat-motos-electriques-fim\/#breadcrumb\"},\"inLanguage\":\"fr-FR\",\"potentialAction\":[{\"@type\":\"ReadAction\",\"target\":[\"https:\/\/blogs.thesocialmedia.com\/leblogmoto\/2009\/06\/26\/championnat-motos-electriques-fim\/\"]}]},{\"@type\":\"ImageObject\",\"inLanguage\":\"fr-FR\",\"@id\":\"https:\/\/blogs.thesocialmedia.com\/leblogmoto\/2009\/06\/26\/championnat-motos-electriques-fim\/#primaryimage\",\"url\":\"https:\/\/blogs.thesocialmedia.com\/leblogmoto\/files\/2012\/07\/6a00d83451b18369e201157072ee5a970c-500wi.jpg\",\"contentUrl\":\"https:\/\/blogs.thesocialmedia.com\/leblogmoto\/files\/2012\/07\/6a00d83451b18369e201157072ee5a970c-500wi.jpg\",\"width\":\"498\",\"height\":\"715\"},{\"@type\":\"BreadcrumbList\",\"@id\":\"https:\/\/blogs.thesocialmedia.com\/leblogmoto\/2009\/06\/26\/championnat-motos-electriques-fim\/#breadcrumb\",\"itemListElement\":[{\"@type\":\"ListItem\",\"position\":1,\"name\":\"Accueil\",\"item\":\"https:\/\/blogs.thesocialmedia.com\/leblogmoto\/\"},{\"@type\":\"ListItem\",\"position\":2,\"name\":\"La FIM cr\u00e9e un championnat d\u00e9di\u00e9 aux motos \u00e9lectriques.\"}]},{\"@type\":\"WebSite\",\"@id\":\"https:\/\/blogs.thesocialmedia.com\/leblogmoto\/#website\",\"url\":\"https:\/\/blogs.thesocialmedia.com\/leblogmoto\/\",\"name\":\"leblogmoto\",\"description\":\"Toute l&#039;actualit\u00e9 des 2 roues\",\"potentialAction\":[{\"@type\":\"SearchAction\",\"target\":{\"@type\":\"EntryPoint\",\"urlTemplate\":\"https:\/\/blogs.thesocialmedia.com\/leblogmoto\/?s={search_term_string}\"},\"query-input\":{\"@type\":\"PropertyValueSpecification\",\"valueRequired\":true,\"valueName\":\"search_term_string\"}}],\"inLanguage\":\"fr-FR\"},{\"@type\":\"Person\",\"@id\":\"https:\/\/blogs.thesocialmedia.com\/leblogmoto\/#\/schema\/person\/18bfe773e5725ed6d24f743da805362a\",\"name\":\"benoit rieu\",\"image\":{\"@type\":\"ImageObject\",\"inLanguage\":\"fr-FR\",\"@id\":\"https:\/\/blogs.thesocialmedia.com\/leblogmoto\/#\/schema\/person\/image\/\",\"url\":\"https:\/\/secure.gravatar.com\/avatar\/?s=96&d=mm&r=g\",\"contentUrl\":\"https:\/\/secure.gravatar.com\/avatar\/?s=96&d=mm&r=g\",\"caption\":\"benoit rieu\"},\"url\":\"https:\/\/blogs.thesocialmedia.com\/leblogmoto\/author\/benoit-rieu\/\"}]}<\/script>\n<!-- \/ Yoast SEO plugin. -->","yoast_head_json":{"title":"La FIM cr\u00e9e un championnat d\u00e9di\u00e9 aux motos \u00e9lectriques. - leblogmoto.com","robots":{"index":"index","follow":"follow","max-snippet":"max-snippet:-1","max-image-preview":"max-image-preview:large","max-video-preview":"max-video-preview:-1"},"canonical":"https:\/\/blogs.thesocialmedia.com\/leblogmoto\/2009\/06\/26\/championnat-motos-electriques-fim\/","twitter_card":"summary_large_image","twitter_title":"La FIM cr\u00e9e un championnat d\u00e9di\u00e9 aux motos \u00e9lectriques. - leblogmoto.com","twitter_description":"Voici un communiqu\u00e9 de presse qui risque de faire date, je pense, m\u00eame si j&#039;ai beaucoup de mal avec les motos qui ne font pas de bruit et les m\u00e9caniques qui ne vibrent pas (pas d&#039;allusion salace s&#039;il vous pla\u00eet). Et que je&#160;demeure personnellement convaincu que les Grand Prix vitesse se courront avec un moteur [&hellip;]","twitter_image":"https:\/\/blogs.thesocialmedia.com\/leblogmoto\/files\/2012\/07\/6a00d83451b18369e201157072ee5a970c-500wi.jpg","twitter_misc":{"\u00c9crit par":"benoit rieu","Dur\u00e9e de lecture estim\u00e9e":"1 minute"},"schema":{"@context":"https:\/\/schema.org","@graph":[{"@type":"WebPage","@id":"https:\/\/blogs.thesocialmedia.com\/leblogmoto\/2009\/06\/26\/championnat-motos-electriques-fim\/","url":"https:\/\/blogs.thesocialmedia.com\/leblogmoto\/2009\/06\/26\/championnat-motos-electriques-fim\/","name":"La FIM cr\u00e9e un championnat d\u00e9di\u00e9 aux motos \u00e9lectriques. - leblogmoto.com","isPartOf":{"@id":"https:\/\/blogs.thesocialmedia.com\/leblogmoto\/#website"},"primaryImageOfPage":{"@id":"https:\/\/blogs.thesocialmedia.com\/leblogmoto\/2009\/06\/26\/championnat-motos-electriques-fim\/#primaryimage"},"image":{"@id":"https:\/\/blogs.thesocialmedia.com\/leblogmoto\/2009\/06\/26\/championnat-motos-electriques-fim\/#primaryimage"},"thumbnailUrl":"https:\/\/blogs.thesocialmedia.com\/leblogmoto\/files\/2012\/07\/6a00d83451b18369e201157072ee5a970c-500wi.jpg","datePublished":"2009-06-26T23:17:05+00:00","dateModified":"2012-07-11T17:32:54+00:00","author":{"@id":"https:\/\/blogs.thesocialmedia.com\/leblogmoto\/#\/schema\/person\/18bfe773e5725ed6d24f743da805362a"},"breadcrumb":{"@id":"https:\/\/blogs.thesocialmedia.com\/leblogmoto\/2009\/06\/26\/championnat-motos-electriques-fim\/#breadcrumb"},"inLanguage":"fr-FR","potentialAction":[{"@type":"ReadAction","target":["https:\/\/blogs.thesocialmedia.com\/leblogmoto\/2009\/06\/26\/championnat-motos-electriques-fim\/"]}]},{"@type":"ImageObject","inLanguage":"fr-FR","@id":"https:\/\/blogs.thesocialmedia.com\/leblogmoto\/2009\/06\/26\/championnat-motos-electriques-fim\/#primaryimage","url":"https:\/\/blogs.thesocialmedia.com\/leblogmoto\/files\/2012\/07\/6a00d83451b18369e201157072ee5a970c-500wi.jpg","contentUrl":"https:\/\/blogs.thesocialmedia.com\/leblogmoto\/files\/2012\/07\/6a00d83451b18369e201157072ee5a970c-500wi.jpg","width":"498","height":"715"},{"@type":"BreadcrumbList","@id":"https:\/\/blogs.thesocialmedia.com\/leblogmoto\/2009\/06\/26\/championnat-motos-electriques-fim\/#breadcrumb","itemListElement":[{"@type":"ListItem","position":1,"name":"Accueil","item":"https:\/\/blogs.thesocialmedia.com\/leblogmoto\/"},{"@type":"ListItem","position":2,"name":"La FIM cr\u00e9e un championnat d\u00e9di\u00e9 aux motos \u00e9lectriques."}]},{"@type":"WebSite","@id":"https:\/\/blogs.thesocialmedia.com\/leblogmoto\/#website","url":"https:\/\/blogs.thesocialmedia.com\/leblogmoto\/","name":"leblogmoto","description":"Toute l&#039;actualit\u00e9 des 2 roues","potentialAction":[{"@type":"SearchAction","target":{"@type":"EntryPoint","urlTemplate":"https:\/\/blogs.thesocialmedia.com\/leblogmoto\/?s={search_term_string}"},"query-input":{"@type":"PropertyValueSpecification","valueRequired":true,"valueName":"search_term_string"}}],"inLanguage":"fr-FR"},{"@type":"Person","@id":"https:\/\/blogs.thesocialmedia.com\/leblogmoto\/#\/schema\/person\/18bfe773e5725ed6d24f743da805362a","name":"benoit rieu","image":{"@type":"ImageObject","inLanguage":"fr-FR","@id":"https:\/\/blogs.thesocialmedia.com\/leblogmoto\/#\/schema\/person\/image\/","url":"https:\/\/secure.gravatar.com\/avatar\/?s=96&d=mm&r=g","contentUrl":"https:\/\/secure.gravatar.com\/avatar\/?s=96&d=mm&r=g","caption":"benoit rieu"},"url":"https:\/\/blogs.thesocialmedia.com\/leblogmoto\/author\/benoit-rieu\/"}]}},"_links":{"self":[{"href":"https:\/\/blogs.thesocialmedia.com\/leblogmoto\/wp-json\/wp\/v2\/posts\/98","targetHints":{"allow":["GET"]}}],"collection":[{"href":"https:\/\/blogs.thesocialmedia.com\/leblogmoto\/wp-json\/wp\/v2\/posts"}],"about":[{"href":"https:\/\/blogs.thesocialmedia.com\/leblogmoto\/wp-json\/wp\/v2\/types\/post"}],"author":[{"embeddable":true,"href":"https:\/\/blogs.thesocialmedia.com\/leblogmoto\/wp-json\/wp\/v2\/users\/324"}],"replies":[{"embeddable":true,"href":"https:\/\/blogs.thesocialmedia.com\/leblogmoto\/wp-json\/wp\/v2\/comments?post=98"}],"version-history":[{"count":1,"href":"https:\/\/blogs.thesocialmedia.com\/leblogmoto\/wp-json\/wp\/v2\/posts\/98\/revisions"}],"predecessor-version":[{"id":13873,"href":"https:\/\/blogs.thesocialmedia.com\/leblogmoto\/wp-json\/wp\/v2\/posts\/98\/revisions\/13873"}],"wp:featuredmedia":[{"embeddable":true,"href":"https:\/\/blogs.thesocialmedia.com\/leblogmoto\/wp-json\/wp\/v2\/media\/13871"}],"wp:attachment":[{"href":"https:\/\/blogs.thesocialmedia.com\/leblogmoto\/wp-json\/wp\/v2\/media?parent=98"}],"wp:term":[{"taxonomy":"category","embeddable":true,"href":"https:\/\/blogs.thesocialmedia.com\/leblogmoto\/wp-json\/wp\/v2\/categories?post=98"},{"taxonomy":"post_tag","embeddable":true,"href":"https:\/\/blogs.thesocialmedia.com\/leblogmoto\/wp-json\/wp\/v2\/tags?post=98"}],"curies":[{"name":"wp","href":"https:\/\/api.w.org\/{rel}","templated":true}]}}