{"id":982,"date":"2008-01-02T12:20:10","date_gmt":"2008-01-02T12:20:10","guid":{"rendered":"http:\/\/blogs.thesocialmedia.com\/leblogmoto\/2008\/01\/02\/le-concept-bike-2\/"},"modified":"2012-07-11T15:09:20","modified_gmt":"2012-07-11T15:09:20","slug":"le-concept-bike-2","status":"publish","type":"post","link":"https:\/\/blogs.thesocialmedia.com\/leblogmoto\/2008\/01\/02\/le-concept-bike-2\/","title":{"rendered":"Le Concept Bike Dacoit au look d&rsquo;arme futuriste."},"content":{"rendered":"<p><a href=\"http:\/\/blogs.thesocialmedia.com\/leblogmoto\/files\/2012\/07\/moto_concept_bike_dacoit_4.jpg\"><img loading=\"lazy\" decoding=\"async\" width=\"470\" height=\"357\"  alt=\"Moto_concept_bike_dacoit_4\" src=\"http:\/\/www.leblogmoto.com\/images\/2008\/01\/01\/moto_concept_bike_dacoit_4.jpg\" \/><\/a> <\/p>\n<p>J&rsquo;ai un peu &quot;tiqu\u00e9&quot; sur l&rsquo;appellation de <em>concept bike<\/em> en raison de l&rsquo;absence de prototype r\u00e9el, cette cr\u00e9ation n&rsquo;\u00e9tant, \u00e0 l&rsquo;heure actuelle, m\u00eame pas visible dans un <em>show room<\/em> de constructeur. Reste qu&rsquo;elle a remport\u00e9 un <a href=\"http:\/\/forums.cgsociety.org\/forumdisplay.php?f=121\"><em>CG Choice Award<\/em><\/a>* pour son travail et son originalit\u00e9. Concernant son inspiration, on dirait qu&rsquo;on vient d&rsquo;ajouter un guidon et des roues au pistolet du Capitaine Kirk de Star Trek. Mais il n&rsquo;en est rien, puisque <em>Dacoit<\/em> d\u00e9signe une classe de voleurs en Inde**, si, si&#8230; <\/p>\n<p><a href=\"http:\/\/clabedan.typepad.com\/.shared\/image.html?\/photos\/uncategorized\/2008\/01\/01\/moto_concept_bike_dacoit_1.jpg\"><img loading=\"lazy\" decoding=\"async\" width=\"470\" height=\"341\"  src=\"http:\/\/www.leblogmoto.com\/images\/2008\/01\/01\/moto_concept_bike_dacoit_1.jpg\" alt=\"Moto_concept_bike_dacoit_1\" \/><\/a><\/p>\n<p>Et \u00e0 l&rsquo;origine, comme il est montr\u00e9 sur <a href=\"http:\/\/nitindesign.com\/CLICK_CG_DACOIT\/page1.htm?story_id=3205&amp;page=1\">le site de la CG Society<\/a> (deux pages), la t\u00eate de fourche reprend le profil de ces voleurs en capuche. Le designer y explique d&rsquo;ailleurs tr\u00e8s bien la gen\u00e8se et la maturation de son projet. Avant de soumettre ces images de synth\u00e8se \u00e0 la sagacit\u00e9 du jury du concours, il prit pour base des dessins qu&rsquo;il avait r\u00e9alis\u00e9s il y a quelques ann\u00e9es et command\u00e9s par un <em>&quot;born-again&quot; biker<\/em>. <\/p>\n<p>Un motard qui red\u00e9couvrait sa passion donc, apr\u00e8s un long arr\u00eat certainement, et qui d\u00e9sirait une moto originale que tout le monde jalouserait. Vu les croquis dispos (voir derni\u00e8re photo, tout en bas de cet article), je doute sinc\u00e8rement, si le projet avait mat\u00e9riellement abouti, que cela aurait \u00e9t\u00e9 le cas. Cependant cette \u00e9tude lui donna des \u00e9l\u00e9ments et des orientations pour la ligne g\u00e9n\u00e9rale de la moto finale. <\/p>\n<p><a href=\"http:\/\/clabedan.typepad.com\/.shared\/image.html?\/photos\/uncategorized\/2008\/01\/01\/moto_concept_bike_dacoit_3_2.jpg\"><img loading=\"lazy\" decoding=\"async\" width=\"470\" height=\"341\"  alt=\"Moto_concept_bike_dacoit_3_2\" src=\"http:\/\/www.leblogmoto.com\/images\/2008\/01\/01\/moto_concept_bike_dacoit_3_2.jpg\" \/><\/a> <\/p>\n<p>Effet de style mis \u00e0 part, je ne vois pas l&rsquo;int\u00e9r\u00eat de ces surpiq\u00fbres dans la sellerie. Aaaaaah les disques de freins p\u00e9rim\u00e9triques ! C&rsquo;est Erik Buell qui doit sourire de toutes ses dents quand il voit \u00e7a. <\/p>\n<p>In-dis-pen-sa-bles \u00e0 un concept bike moderne, comme on l&rsquo;avait d\u00e9j\u00e0 fait remarquer pour le Suzuki Biplane. C&rsquo;est affolant dans des lignes qui se veulent &quot;originales&quot;, de voir tr\u00e8s souvent les m\u00eames th\u00e8mes repris: ici p\u00eale-m\u00eale, les disques p\u00e9rim\u00e9triques donc, les petits pots, dont deux sous la selle et le d\u00e9raisonnable pneu arri\u00e8re fa\u00e7on <em>chopper<\/em>. <\/p>\n<p>Peut-on faire plus tendance ? Oui, \u00e0 mon avis, avec des roues orbitales (c&rsquo;est \u00e0 dire sans moyeu) \u00e0 l&rsquo;allure encore plus futuriste, voire irr\u00e9elle. Au sujet de sa motorisation, le moulin de cette <em>street bike<\/em> serait-il un quatre cylindres ? Impossible d&rsquo;en savoir plus, aucune pr\u00e9cision de Nitin Design \u00e0 ce sujet.<\/p>\n<p>Remercions tout de m\u00eame le designer qui a pens\u00e9 \u00e0 nos bijoux de famille*** avec cette impressionnante protection de r\u00e9servoir, de s\u00e9rie s&rsquo;il vous pla\u00eet&#8230; <\/p>\n<p><a href=\"http:\/\/blogs.thesocialmedia.com\/leblogmoto\/files\/2012\/07\/moto_concept_bike_dacoit_2.jpg\"><img loading=\"lazy\" decoding=\"async\" width=\"470\" height=\"340\"  src=\"http:\/\/www.leblogmoto.com\/images\/2008\/01\/01\/moto_concept_bike_dacoit_2.jpg\" alt=\"Moto_concept_bike_dacoit_2\" \/><\/a> <\/p>\n<p>Int\u00e9ressant les poign\u00e9es de selle surtout si l&rsquo;on peut y mettre un second passager, ce qui n&rsquo;est visiblement pas le cas ici&#8230; Selon l&rsquo;explication du designer, l&rsquo;aileron, tout comme ses branchies sur les flancs, donne un air de squale \u00e0 la moto. Oui &quot;aileron arri\u00e8re&quot; selon le designer lui-m\u00eame, pas poign\u00e9e de selle, \u00e7a change tout. <\/p>\n<p>Je suis un peu d\u00e9\u00e7u de voir que l&rsquo;on &quot;plaque&quot; sans justification les solutions techniques d&rsquo;une voiture sur une moto, car contrairement \u00e0 la premi\u00e8re, sur une b\u00e9cane c&rsquo;est l&rsquo;avant qu&rsquo;il est difficile de maintenir au sol, l&rsquo;arri\u00e8re beaucoup moins****. <\/p>\n<p>Par contre si l&rsquo;on s&rsquo;en tient \u00e0 une appr\u00e9ciation purement esth\u00e9tique et non plus fonctionnelle, la fourche avant, le garde-boue ainsi que le bras oscillant par exemple, sont magnifiques, mais \u00e7a n&rsquo;engage que moi.<\/p>\n<p>&lt;a href=&quot;http:\/\/clabedan.typepad.com\/.shared\/image.html?\/photos\/uncategorized\/2008\/01\/01\/moto_concept_bike_dacoit_5.jpg&quot; onclick=&quot;window.open(this.href, &#039;_blank&#039;, &#039;width=471,height=516,scrollbars=no,resizable=no,toolbar=no,direct <\/p>\n","protected":false},"excerpt":{"rendered":"<p>J&rsquo;ai un peu &quot;tiqu\u00e9&quot; sur l&rsquo;appellation de concept bike en raison de l&rsquo;absence de prototype r\u00e9el, cette cr\u00e9ation n&rsquo;\u00e9tant, \u00e0 l&rsquo;heure actuelle, m\u00eame pas visible dans un show room de constructeur. Reste qu&rsquo;elle a remport\u00e9 un CG Choice Award* pour son travail et son originalit\u00e9. Concernant son inspiration, on dirait qu&rsquo;on vient d&rsquo;ajouter un guidon [&hellip;]<\/p>\n","protected":false},"author":324,"featured_media":0,"comment_status":"open","ping_status":"open","sticky":false,"template":"","format":"standard","meta":{"footnotes":""},"categories":[3,16,33],"tags":[],"class_list":["post-982","post","type-post","status-publish","format-standard","hentry","category-actualite","category-art-moto","category-concept-bike"],"yoast_head":"<!-- This site is optimized with the Yoast SEO plugin v26.0 - https:\/\/yoast.com\/wordpress\/plugins\/seo\/ -->\n<title>Le Concept Bike Dacoit au look d&#039;arme futuriste. - leblogmoto.com<\/title>\n<meta name=\"robots\" content=\"index, follow, max-snippet:-1, max-image-preview:large, max-video-preview:-1\" \/>\n<link rel=\"canonical\" href=\"https:\/\/blogs.thesocialmedia.com\/leblogmoto\/2008\/01\/02\/le-concept-bike-2\/\" \/>\n<meta name=\"twitter:card\" content=\"summary_large_image\" \/>\n<meta name=\"twitter:title\" content=\"Le Concept Bike Dacoit au look d&#039;arme futuriste. - leblogmoto.com\" \/>\n<meta name=\"twitter:description\" content=\"J&rsquo;ai un peu &quot;tiqu\u00e9&quot; sur l&rsquo;appellation de concept bike en raison de l&rsquo;absence de prototype r\u00e9el, cette cr\u00e9ation n&rsquo;\u00e9tant, \u00e0 l&rsquo;heure actuelle, m\u00eame pas visible dans un show room de constructeur. Reste qu&rsquo;elle a remport\u00e9 un CG Choice Award* pour son travail et son originalit\u00e9. Concernant son inspiration, on dirait qu&rsquo;on vient d&rsquo;ajouter un guidon [&hellip;]\" \/>\n<meta name=\"twitter:image\" content=\"http:\/\/www.leblogmoto.com\/images\/2008\/01\/01\/moto_concept_bike_dacoit_4.jpg\" \/>\n<meta name=\"twitter:label1\" content=\"\u00c9crit par\" \/>\n\t<meta name=\"twitter:data1\" content=\"benoit rieu\" \/>\n\t<meta name=\"twitter:label2\" content=\"Dur\u00e9e de lecture estim\u00e9e\" \/>\n\t<meta name=\"twitter:data2\" content=\"3 minutes\" \/>\n<script type=\"application\/ld+json\" class=\"yoast-schema-graph\">{\"@context\":\"https:\/\/schema.org\",\"@graph\":[{\"@type\":\"WebPage\",\"@id\":\"https:\/\/blogs.thesocialmedia.com\/leblogmoto\/2008\/01\/02\/le-concept-bike-2\/\",\"url\":\"https:\/\/blogs.thesocialmedia.com\/leblogmoto\/2008\/01\/02\/le-concept-bike-2\/\",\"name\":\"Le Concept Bike Dacoit au look d'arme futuriste. - leblogmoto.com\",\"isPartOf\":{\"@id\":\"https:\/\/blogs.thesocialmedia.com\/leblogmoto\/#website\"},\"primaryImageOfPage\":{\"@id\":\"https:\/\/blogs.thesocialmedia.com\/leblogmoto\/2008\/01\/02\/le-concept-bike-2\/#primaryimage\"},\"image\":{\"@id\":\"https:\/\/blogs.thesocialmedia.com\/leblogmoto\/2008\/01\/02\/le-concept-bike-2\/#primaryimage\"},\"thumbnailUrl\":\"http:\/\/www.leblogmoto.com\/images\/2008\/01\/01\/moto_concept_bike_dacoit_4.jpg\",\"datePublished\":\"2008-01-02T12:20:10+00:00\",\"dateModified\":\"2012-07-11T15:09:20+00:00\",\"author\":{\"@id\":\"https:\/\/blogs.thesocialmedia.com\/leblogmoto\/#\/schema\/person\/18bfe773e5725ed6d24f743da805362a\"},\"breadcrumb\":{\"@id\":\"https:\/\/blogs.thesocialmedia.com\/leblogmoto\/2008\/01\/02\/le-concept-bike-2\/#breadcrumb\"},\"inLanguage\":\"fr-FR\",\"potentialAction\":[{\"@type\":\"ReadAction\",\"target\":[\"https:\/\/blogs.thesocialmedia.com\/leblogmoto\/2008\/01\/02\/le-concept-bike-2\/\"]}]},{\"@type\":\"ImageObject\",\"inLanguage\":\"fr-FR\",\"@id\":\"https:\/\/blogs.thesocialmedia.com\/leblogmoto\/2008\/01\/02\/le-concept-bike-2\/#primaryimage\",\"url\":\"http:\/\/www.leblogmoto.com\/images\/2008\/01\/01\/moto_concept_bike_dacoit_4.jpg\",\"contentUrl\":\"http:\/\/www.leblogmoto.com\/images\/2008\/01\/01\/moto_concept_bike_dacoit_4.jpg\"},{\"@type\":\"BreadcrumbList\",\"@id\":\"https:\/\/blogs.thesocialmedia.com\/leblogmoto\/2008\/01\/02\/le-concept-bike-2\/#breadcrumb\",\"itemListElement\":[{\"@type\":\"ListItem\",\"position\":1,\"name\":\"Accueil\",\"item\":\"https:\/\/blogs.thesocialmedia.com\/leblogmoto\/\"},{\"@type\":\"ListItem\",\"position\":2,\"name\":\"Le Concept Bike Dacoit au look d&rsquo;arme futuriste.\"}]},{\"@type\":\"WebSite\",\"@id\":\"https:\/\/blogs.thesocialmedia.com\/leblogmoto\/#website\",\"url\":\"https:\/\/blogs.thesocialmedia.com\/leblogmoto\/\",\"name\":\"leblogmoto\",\"description\":\"Toute l&#039;actualit\u00e9 des 2 roues\",\"potentialAction\":[{\"@type\":\"SearchAction\",\"target\":{\"@type\":\"EntryPoint\",\"urlTemplate\":\"https:\/\/blogs.thesocialmedia.com\/leblogmoto\/?s={search_term_string}\"},\"query-input\":{\"@type\":\"PropertyValueSpecification\",\"valueRequired\":true,\"valueName\":\"search_term_string\"}}],\"inLanguage\":\"fr-FR\"},{\"@type\":\"Person\",\"@id\":\"https:\/\/blogs.thesocialmedia.com\/leblogmoto\/#\/schema\/person\/18bfe773e5725ed6d24f743da805362a\",\"name\":\"benoit rieu\",\"image\":{\"@type\":\"ImageObject\",\"inLanguage\":\"fr-FR\",\"@id\":\"https:\/\/blogs.thesocialmedia.com\/leblogmoto\/#\/schema\/person\/image\/\",\"url\":\"https:\/\/secure.gravatar.com\/avatar\/?s=96&d=mm&r=g\",\"contentUrl\":\"https:\/\/secure.gravatar.com\/avatar\/?s=96&d=mm&r=g\",\"caption\":\"benoit rieu\"},\"url\":\"https:\/\/blogs.thesocialmedia.com\/leblogmoto\/author\/benoit-rieu\/\"}]}<\/script>\n<!-- \/ Yoast SEO plugin. -->","yoast_head_json":{"title":"Le Concept Bike Dacoit au look d'arme futuriste. - leblogmoto.com","robots":{"index":"index","follow":"follow","max-snippet":"max-snippet:-1","max-image-preview":"max-image-preview:large","max-video-preview":"max-video-preview:-1"},"canonical":"https:\/\/blogs.thesocialmedia.com\/leblogmoto\/2008\/01\/02\/le-concept-bike-2\/","twitter_card":"summary_large_image","twitter_title":"Le Concept Bike Dacoit au look d'arme futuriste. - leblogmoto.com","twitter_description":"J&rsquo;ai un peu &quot;tiqu\u00e9&quot; sur l&rsquo;appellation de concept bike en raison de l&rsquo;absence de prototype r\u00e9el, cette cr\u00e9ation n&rsquo;\u00e9tant, \u00e0 l&rsquo;heure actuelle, m\u00eame pas visible dans un show room de constructeur. Reste qu&rsquo;elle a remport\u00e9 un CG Choice Award* pour son travail et son originalit\u00e9. Concernant son inspiration, on dirait qu&rsquo;on vient d&rsquo;ajouter un guidon [&hellip;]","twitter_image":"http:\/\/www.leblogmoto.com\/images\/2008\/01\/01\/moto_concept_bike_dacoit_4.jpg","twitter_misc":{"\u00c9crit par":"benoit rieu","Dur\u00e9e de lecture estim\u00e9e":"3 minutes"},"schema":{"@context":"https:\/\/schema.org","@graph":[{"@type":"WebPage","@id":"https:\/\/blogs.thesocialmedia.com\/leblogmoto\/2008\/01\/02\/le-concept-bike-2\/","url":"https:\/\/blogs.thesocialmedia.com\/leblogmoto\/2008\/01\/02\/le-concept-bike-2\/","name":"Le Concept Bike Dacoit au look d'arme futuriste. - leblogmoto.com","isPartOf":{"@id":"https:\/\/blogs.thesocialmedia.com\/leblogmoto\/#website"},"primaryImageOfPage":{"@id":"https:\/\/blogs.thesocialmedia.com\/leblogmoto\/2008\/01\/02\/le-concept-bike-2\/#primaryimage"},"image":{"@id":"https:\/\/blogs.thesocialmedia.com\/leblogmoto\/2008\/01\/02\/le-concept-bike-2\/#primaryimage"},"thumbnailUrl":"http:\/\/www.leblogmoto.com\/images\/2008\/01\/01\/moto_concept_bike_dacoit_4.jpg","datePublished":"2008-01-02T12:20:10+00:00","dateModified":"2012-07-11T15:09:20+00:00","author":{"@id":"https:\/\/blogs.thesocialmedia.com\/leblogmoto\/#\/schema\/person\/18bfe773e5725ed6d24f743da805362a"},"breadcrumb":{"@id":"https:\/\/blogs.thesocialmedia.com\/leblogmoto\/2008\/01\/02\/le-concept-bike-2\/#breadcrumb"},"inLanguage":"fr-FR","potentialAction":[{"@type":"ReadAction","target":["https:\/\/blogs.thesocialmedia.com\/leblogmoto\/2008\/01\/02\/le-concept-bike-2\/"]}]},{"@type":"ImageObject","inLanguage":"fr-FR","@id":"https:\/\/blogs.thesocialmedia.com\/leblogmoto\/2008\/01\/02\/le-concept-bike-2\/#primaryimage","url":"http:\/\/www.leblogmoto.com\/images\/2008\/01\/01\/moto_concept_bike_dacoit_4.jpg","contentUrl":"http:\/\/www.leblogmoto.com\/images\/2008\/01\/01\/moto_concept_bike_dacoit_4.jpg"},{"@type":"BreadcrumbList","@id":"https:\/\/blogs.thesocialmedia.com\/leblogmoto\/2008\/01\/02\/le-concept-bike-2\/#breadcrumb","itemListElement":[{"@type":"ListItem","position":1,"name":"Accueil","item":"https:\/\/blogs.thesocialmedia.com\/leblogmoto\/"},{"@type":"ListItem","position":2,"name":"Le Concept Bike Dacoit au look d&rsquo;arme futuriste."}]},{"@type":"WebSite","@id":"https:\/\/blogs.thesocialmedia.com\/leblogmoto\/#website","url":"https:\/\/blogs.thesocialmedia.com\/leblogmoto\/","name":"leblogmoto","description":"Toute l&#039;actualit\u00e9 des 2 roues","potentialAction":[{"@type":"SearchAction","target":{"@type":"EntryPoint","urlTemplate":"https:\/\/blogs.thesocialmedia.com\/leblogmoto\/?s={search_term_string}"},"query-input":{"@type":"PropertyValueSpecification","valueRequired":true,"valueName":"search_term_string"}}],"inLanguage":"fr-FR"},{"@type":"Person","@id":"https:\/\/blogs.thesocialmedia.com\/leblogmoto\/#\/schema\/person\/18bfe773e5725ed6d24f743da805362a","name":"benoit rieu","image":{"@type":"ImageObject","inLanguage":"fr-FR","@id":"https:\/\/blogs.thesocialmedia.com\/leblogmoto\/#\/schema\/person\/image\/","url":"https:\/\/secure.gravatar.com\/avatar\/?s=96&d=mm&r=g","contentUrl":"https:\/\/secure.gravatar.com\/avatar\/?s=96&d=mm&r=g","caption":"benoit rieu"},"url":"https:\/\/blogs.thesocialmedia.com\/leblogmoto\/author\/benoit-rieu\/"}]}},"_links":{"self":[{"href":"https:\/\/blogs.thesocialmedia.com\/leblogmoto\/wp-json\/wp\/v2\/posts\/982","targetHints":{"allow":["GET"]}}],"collection":[{"href":"https:\/\/blogs.thesocialmedia.com\/leblogmoto\/wp-json\/wp\/v2\/posts"}],"about":[{"href":"https:\/\/blogs.thesocialmedia.com\/leblogmoto\/wp-json\/wp\/v2\/types\/post"}],"author":[{"embeddable":true,"href":"https:\/\/blogs.thesocialmedia.com\/leblogmoto\/wp-json\/wp\/v2\/users\/324"}],"replies":[{"embeddable":true,"href":"https:\/\/blogs.thesocialmedia.com\/leblogmoto\/wp-json\/wp\/v2\/comments?post=982"}],"version-history":[{"count":2,"href":"https:\/\/blogs.thesocialmedia.com\/leblogmoto\/wp-json\/wp\/v2\/posts\/982\/revisions"}],"predecessor-version":[{"id":9567,"href":"https:\/\/blogs.thesocialmedia.com\/leblogmoto\/wp-json\/wp\/v2\/posts\/982\/revisions\/9567"}],"wp:attachment":[{"href":"https:\/\/blogs.thesocialmedia.com\/leblogmoto\/wp-json\/wp\/v2\/media?parent=982"}],"wp:term":[{"taxonomy":"category","embeddable":true,"href":"https:\/\/blogs.thesocialmedia.com\/leblogmoto\/wp-json\/wp\/v2\/categories?post=982"},{"taxonomy":"post_tag","embeddable":true,"href":"https:\/\/blogs.thesocialmedia.com\/leblogmoto\/wp-json\/wp\/v2\/tags?post=982"}],"curies":[{"name":"wp","href":"https:\/\/api.w.org\/{rel}","templated":true}]}}