{"id":983,"date":"2008-01-01T22:51:48","date_gmt":"2008-01-01T22:51:48","guid":{"rendered":"http:\/\/blogs.thesocialmedia.com\/leblogmoto\/2008\/01\/01\/de-bonnes-rsolu\/"},"modified":"2012-07-11T15:09:14","modified_gmt":"2012-07-11T15:09:14","slug":"de-bonnes-rsolu","status":"publish","type":"post","link":"https:\/\/blogs.thesocialmedia.com\/leblogmoto\/2008\/01\/01\/de-bonnes-rsolu\/","title":{"rendered":"De bonnes r\u00e9solutions scoot\u00e9ristes en 2008 avec Vespa."},"content":{"rendered":"<p><a href=\"http:\/\/blogs.thesocialmedia.com\/leblogmoto\/files\/2012\/07\/moto_scooter_vespa_mandy_moore_phot.jpg\"><img loading=\"lazy\" decoding=\"async\" width=\"470\" height=\"581\"  src=\"http:\/\/www.leblogmoto.com\/images\/2008\/01\/01\/moto_scooter_vespa_mandy_moore_phot.jpg\" alt=\"Moto_scooter_vespa_mandy_moore_phot\" \/><\/a><\/p>\n<p>Si je devais faire amende honorable au sujet du sort r\u00e9serv\u00e9 \u00e0 un type de v\u00e9hicule sur notre blog, il est clair qu&rsquo;en tant qu&rsquo;amateur (et pratiquant) de gros cubes moto, je dois reconna\u00eetre que l&rsquo;actualit\u00e9 des scooters dans l&rsquo;ann\u00e9e \u00e9coul\u00e9e n&rsquo;a pas \u00e9t\u00e9 trait\u00e9e comme il fallait. Non sur la forme ou sur le fond, mais par sa fr\u00e9quence. Quoi de mieux que cette photo de la chanteuse et actrice Mandy Moore pour se remettre dans le bain ? Et l&rsquo;on va commencer avec un autre <a href=\"http:\/\/www.fr.vespa.com\">Vespa<\/a>, le GTS 250 i.e.<\/p>\n<p><a href=\"http:\/\/clabedan.typepad.com\/.shared\/image.html?\/photos\/uncategorized\/2008\/01\/01\/moto_scooter_vespa_gts_250_ie_b.jpg\"><img loading=\"lazy\" decoding=\"async\" width=\"470\" height=\"312\"  src=\"http:\/\/www.leblogmoto.com\/images\/2008\/01\/01\/moto_scooter_vespa_gts_250_ie_b.jpg\" alt=\"Moto_scooter_vespa_gts_250_ie_b\" \/><\/a><\/p>\n<p>En 1955, avec la s\u00e9rie Gran Sport, le scooter de la gu\u00eape* est pass\u00e9 du stade de simple v\u00e9hicule au service de jeunes urbains et rurbains, \u00e0 une version qui &#8211; sans \u00eatre sportive comme l&rsquo;affirme la marque (faut pas exag\u00e9rer non plus !) &#8211; appara\u00eet comme un scooter sous amph\u00e9tamines, tellement la production pr\u00e9c\u00e9dente semble \u00e0 ses c\u00f4t\u00e9s atone et neurasth\u00e9nique.<\/p>\n<p>Avec ses roues de 10 pouces et ses 150cc de cylindr\u00e9e, il fut en effet le premier scoot&rsquo; de l&rsquo;entreprise \u00e0 franchir les 100 km\/h.<\/p>\n<p>La version qui nous int\u00e9resse en est sa digne h\u00e9riti\u00e8re, et affiche un rassurant moteur cubant les 250**, \u00e0 quatre soupapes et refroidissement liquide, modernit\u00e9 que vient compl\u00e9ter son injection \u00e9lectronique, tout cela pour se conformer aux normes Euro3.<\/p>\n<p>Le moteur, pompeusement baptis\u00e9 &quot;Quasar&quot; (je verrai beaucoup plus les moulbif qui tournent comme des horloges de certaines de nos Sportives m\u00e9riter ce surnom l\u00e0) d\u00e9livre 22 chevaux pour un tristounet couple de 20,2 Nm, et propulse l&rsquo;ensemble jusqu&rsquo;\u00e0 122 km\/h. Les ing\u00e9s et techniciens de <a href=\"http:\/\/www.piaggio.com\/\">Piaggio<\/a> ont mis aussi l&rsquo;accent sur la r\u00e9duction du bruit, et la cr\u00e9ation d&rsquo;un effet frein moteur, normalement absent sur les v\u00e9hicules dot\u00e9s d&rsquo;un variateur CVT.<\/p>\n<p><a href=\"http:\/\/clabedan.typepad.com\/.shared\/image.html?\/photos\/uncategorized\/2008\/01\/01\/moto_scooter_vespa_gts_250_ie_3.jpg\"><img loading=\"lazy\" decoding=\"async\" width=\"470\" height=\"312\"  src=\"http:\/\/www.leblogmoto.com\/images\/2008\/01\/01\/moto_scooter_vespa_gts_250_ie_3.jpg\" alt=\"Moto_scooter_vespa_gts_250_ie_3\" \/><\/a> <\/p>\n<p>Concernant la partie cycle, la suspension avant est dot\u00e9e d&rsquo;une traditionnelle biellette oscillante. Un syst\u00e8me \u00e9prouv\u00e9 chez la firme de Pontedera, et qui a pour avantage de d\u00e9solidariser le guidage et l&rsquo;amortissement et \u00e9viter la plong\u00e9e sur l&rsquo;avant au freinage (le d\u00e9sagr\u00e9able, quoique traditionnel, effet de fourche AV qui semble se planter et s&rsquo;enfoncer dans le bitume). <\/p>\n<p>La suspension arri\u00e8re est dot\u00e9e de deux amortisseurs hydrauliques, dont le ressort est r\u00e9glable en pr\u00e9charge. Notons que pour la premi\u00e8re fois chez Vespa, le mod\u00e8le est dispo en version ABS. Et comme sur le tout premier mod\u00e8le de la marque, les roues (de 12&quot; ici) sont fix\u00e9es lat\u00e9ralement&#8230;<\/p>\n<p>Je passe sur le vaste choix des accessoires, pour m&rsquo;int\u00e9resser \u00e0 l&rsquo;ergonomie m\u00e9canique, avec un r\u00e9servoir d&rsquo;une capacit\u00e9 de 9,2 litres vous assurant une bonne autonomie, et un acc\u00e8s moteur facilit\u00e9, puisqu&rsquo;il suffit d&rsquo;enlever le compartiment casque (et ceci sans outil), pour intervenir dessus.<\/p>\n<p>Quant au look il me semble assez timidement novateur pour en faire un succ\u00e8s aupr\u00e8s des amoureux de la d\u00e9gaine habituelle des Vespa.<\/p>\n<p><em>*traduction de &quot;vespa&quot;, prononc\u00e9 par Enrico Piaggio lui-m\u00eame quand il d\u00e9couvrit les lignes du premier mod\u00e8le en 1946.<br \/>**\u00e0 ce sujet, on attend toujours un hypoth\u00e9tique maxi-scoot Vespa.<\/p>\n<p>cr\u00e9dit photos: photos constructeur.<br \/><\/em><\/p>\n","protected":false},"excerpt":{"rendered":"<p>Si je devais faire amende honorable au sujet du sort r\u00e9serv\u00e9 \u00e0 un type de v\u00e9hicule sur notre blog, il est clair qu&rsquo;en tant qu&rsquo;amateur (et pratiquant) de gros cubes moto, je dois reconna\u00eetre que l&rsquo;actualit\u00e9 des scooters dans l&rsquo;ann\u00e9e \u00e9coul\u00e9e n&rsquo;a pas \u00e9t\u00e9 trait\u00e9e comme il fallait. Non sur la forme ou sur le [&hellip;]<\/p>\n","protected":false},"author":324,"featured_media":0,"comment_status":"open","ping_status":"open","sticky":false,"template":"","format":"standard","meta":{"footnotes":""},"categories":[3,18,19,20],"tags":[],"class_list":["post-983","post","type-post","status-publish","format-standard","hentry","category-actualite","category-piaggio","category-scooter","category-vespa"],"yoast_head":"<!-- This site is optimized with the Yoast SEO plugin v26.0 - https:\/\/yoast.com\/wordpress\/plugins\/seo\/ -->\n<title>De bonnes r\u00e9solutions scoot\u00e9ristes en 2008 avec Vespa. - leblogmoto.com<\/title>\n<meta name=\"robots\" content=\"index, follow, max-snippet:-1, max-image-preview:large, max-video-preview:-1\" \/>\n<link rel=\"canonical\" href=\"https:\/\/blogs.thesocialmedia.com\/leblogmoto\/2008\/01\/01\/de-bonnes-rsolu\/\" \/>\n<meta name=\"twitter:card\" content=\"summary_large_image\" \/>\n<meta name=\"twitter:title\" content=\"De bonnes r\u00e9solutions scoot\u00e9ristes en 2008 avec Vespa. - leblogmoto.com\" \/>\n<meta name=\"twitter:description\" content=\"Si je devais faire amende honorable au sujet du sort r\u00e9serv\u00e9 \u00e0 un type de v\u00e9hicule sur notre blog, il est clair qu&rsquo;en tant qu&rsquo;amateur (et pratiquant) de gros cubes moto, je dois reconna\u00eetre que l&rsquo;actualit\u00e9 des scooters dans l&rsquo;ann\u00e9e \u00e9coul\u00e9e n&rsquo;a pas \u00e9t\u00e9 trait\u00e9e comme il fallait. Non sur la forme ou sur le [&hellip;]\" \/>\n<meta name=\"twitter:image\" content=\"http:\/\/www.leblogmoto.com\/images\/2008\/01\/01\/moto_scooter_vespa_mandy_moore_phot.jpg\" \/>\n<meta name=\"twitter:label1\" content=\"\u00c9crit par\" \/>\n\t<meta name=\"twitter:data1\" content=\"benoit rieu\" \/>\n\t<meta name=\"twitter:label2\" content=\"Dur\u00e9e de lecture estim\u00e9e\" \/>\n\t<meta name=\"twitter:data2\" content=\"3 minutes\" \/>\n<script type=\"application\/ld+json\" class=\"yoast-schema-graph\">{\"@context\":\"https:\/\/schema.org\",\"@graph\":[{\"@type\":\"WebPage\",\"@id\":\"https:\/\/blogs.thesocialmedia.com\/leblogmoto\/2008\/01\/01\/de-bonnes-rsolu\/\",\"url\":\"https:\/\/blogs.thesocialmedia.com\/leblogmoto\/2008\/01\/01\/de-bonnes-rsolu\/\",\"name\":\"De bonnes r\u00e9solutions scoot\u00e9ristes en 2008 avec Vespa. - leblogmoto.com\",\"isPartOf\":{\"@id\":\"https:\/\/blogs.thesocialmedia.com\/leblogmoto\/#website\"},\"primaryImageOfPage\":{\"@id\":\"https:\/\/blogs.thesocialmedia.com\/leblogmoto\/2008\/01\/01\/de-bonnes-rsolu\/#primaryimage\"},\"image\":{\"@id\":\"https:\/\/blogs.thesocialmedia.com\/leblogmoto\/2008\/01\/01\/de-bonnes-rsolu\/#primaryimage\"},\"thumbnailUrl\":\"http:\/\/www.leblogmoto.com\/images\/2008\/01\/01\/moto_scooter_vespa_mandy_moore_phot.jpg\",\"datePublished\":\"2008-01-01T22:51:48+00:00\",\"dateModified\":\"2012-07-11T15:09:14+00:00\",\"author\":{\"@id\":\"https:\/\/blogs.thesocialmedia.com\/leblogmoto\/#\/schema\/person\/18bfe773e5725ed6d24f743da805362a\"},\"breadcrumb\":{\"@id\":\"https:\/\/blogs.thesocialmedia.com\/leblogmoto\/2008\/01\/01\/de-bonnes-rsolu\/#breadcrumb\"},\"inLanguage\":\"fr-FR\",\"potentialAction\":[{\"@type\":\"ReadAction\",\"target\":[\"https:\/\/blogs.thesocialmedia.com\/leblogmoto\/2008\/01\/01\/de-bonnes-rsolu\/\"]}]},{\"@type\":\"ImageObject\",\"inLanguage\":\"fr-FR\",\"@id\":\"https:\/\/blogs.thesocialmedia.com\/leblogmoto\/2008\/01\/01\/de-bonnes-rsolu\/#primaryimage\",\"url\":\"http:\/\/www.leblogmoto.com\/images\/2008\/01\/01\/moto_scooter_vespa_mandy_moore_phot.jpg\",\"contentUrl\":\"http:\/\/www.leblogmoto.com\/images\/2008\/01\/01\/moto_scooter_vespa_mandy_moore_phot.jpg\"},{\"@type\":\"BreadcrumbList\",\"@id\":\"https:\/\/blogs.thesocialmedia.com\/leblogmoto\/2008\/01\/01\/de-bonnes-rsolu\/#breadcrumb\",\"itemListElement\":[{\"@type\":\"ListItem\",\"position\":1,\"name\":\"Accueil\",\"item\":\"https:\/\/blogs.thesocialmedia.com\/leblogmoto\/\"},{\"@type\":\"ListItem\",\"position\":2,\"name\":\"De bonnes r\u00e9solutions scoot\u00e9ristes en 2008 avec Vespa.\"}]},{\"@type\":\"WebSite\",\"@id\":\"https:\/\/blogs.thesocialmedia.com\/leblogmoto\/#website\",\"url\":\"https:\/\/blogs.thesocialmedia.com\/leblogmoto\/\",\"name\":\"leblogmoto\",\"description\":\"Toute l&#039;actualit\u00e9 des 2 roues\",\"potentialAction\":[{\"@type\":\"SearchAction\",\"target\":{\"@type\":\"EntryPoint\",\"urlTemplate\":\"https:\/\/blogs.thesocialmedia.com\/leblogmoto\/?s={search_term_string}\"},\"query-input\":{\"@type\":\"PropertyValueSpecification\",\"valueRequired\":true,\"valueName\":\"search_term_string\"}}],\"inLanguage\":\"fr-FR\"},{\"@type\":\"Person\",\"@id\":\"https:\/\/blogs.thesocialmedia.com\/leblogmoto\/#\/schema\/person\/18bfe773e5725ed6d24f743da805362a\",\"name\":\"benoit rieu\",\"image\":{\"@type\":\"ImageObject\",\"inLanguage\":\"fr-FR\",\"@id\":\"https:\/\/blogs.thesocialmedia.com\/leblogmoto\/#\/schema\/person\/image\/\",\"url\":\"https:\/\/secure.gravatar.com\/avatar\/?s=96&d=mm&r=g\",\"contentUrl\":\"https:\/\/secure.gravatar.com\/avatar\/?s=96&d=mm&r=g\",\"caption\":\"benoit rieu\"},\"url\":\"https:\/\/blogs.thesocialmedia.com\/leblogmoto\/author\/benoit-rieu\/\"}]}<\/script>\n<!-- \/ Yoast SEO plugin. -->","yoast_head_json":{"title":"De bonnes r\u00e9solutions scoot\u00e9ristes en 2008 avec Vespa. - leblogmoto.com","robots":{"index":"index","follow":"follow","max-snippet":"max-snippet:-1","max-image-preview":"max-image-preview:large","max-video-preview":"max-video-preview:-1"},"canonical":"https:\/\/blogs.thesocialmedia.com\/leblogmoto\/2008\/01\/01\/de-bonnes-rsolu\/","twitter_card":"summary_large_image","twitter_title":"De bonnes r\u00e9solutions scoot\u00e9ristes en 2008 avec Vespa. - leblogmoto.com","twitter_description":"Si je devais faire amende honorable au sujet du sort r\u00e9serv\u00e9 \u00e0 un type de v\u00e9hicule sur notre blog, il est clair qu&rsquo;en tant qu&rsquo;amateur (et pratiquant) de gros cubes moto, je dois reconna\u00eetre que l&rsquo;actualit\u00e9 des scooters dans l&rsquo;ann\u00e9e \u00e9coul\u00e9e n&rsquo;a pas \u00e9t\u00e9 trait\u00e9e comme il fallait. Non sur la forme ou sur le [&hellip;]","twitter_image":"http:\/\/www.leblogmoto.com\/images\/2008\/01\/01\/moto_scooter_vespa_mandy_moore_phot.jpg","twitter_misc":{"\u00c9crit par":"benoit rieu","Dur\u00e9e de lecture estim\u00e9e":"3 minutes"},"schema":{"@context":"https:\/\/schema.org","@graph":[{"@type":"WebPage","@id":"https:\/\/blogs.thesocialmedia.com\/leblogmoto\/2008\/01\/01\/de-bonnes-rsolu\/","url":"https:\/\/blogs.thesocialmedia.com\/leblogmoto\/2008\/01\/01\/de-bonnes-rsolu\/","name":"De bonnes r\u00e9solutions scoot\u00e9ristes en 2008 avec Vespa. - leblogmoto.com","isPartOf":{"@id":"https:\/\/blogs.thesocialmedia.com\/leblogmoto\/#website"},"primaryImageOfPage":{"@id":"https:\/\/blogs.thesocialmedia.com\/leblogmoto\/2008\/01\/01\/de-bonnes-rsolu\/#primaryimage"},"image":{"@id":"https:\/\/blogs.thesocialmedia.com\/leblogmoto\/2008\/01\/01\/de-bonnes-rsolu\/#primaryimage"},"thumbnailUrl":"http:\/\/www.leblogmoto.com\/images\/2008\/01\/01\/moto_scooter_vespa_mandy_moore_phot.jpg","datePublished":"2008-01-01T22:51:48+00:00","dateModified":"2012-07-11T15:09:14+00:00","author":{"@id":"https:\/\/blogs.thesocialmedia.com\/leblogmoto\/#\/schema\/person\/18bfe773e5725ed6d24f743da805362a"},"breadcrumb":{"@id":"https:\/\/blogs.thesocialmedia.com\/leblogmoto\/2008\/01\/01\/de-bonnes-rsolu\/#breadcrumb"},"inLanguage":"fr-FR","potentialAction":[{"@type":"ReadAction","target":["https:\/\/blogs.thesocialmedia.com\/leblogmoto\/2008\/01\/01\/de-bonnes-rsolu\/"]}]},{"@type":"ImageObject","inLanguage":"fr-FR","@id":"https:\/\/blogs.thesocialmedia.com\/leblogmoto\/2008\/01\/01\/de-bonnes-rsolu\/#primaryimage","url":"http:\/\/www.leblogmoto.com\/images\/2008\/01\/01\/moto_scooter_vespa_mandy_moore_phot.jpg","contentUrl":"http:\/\/www.leblogmoto.com\/images\/2008\/01\/01\/moto_scooter_vespa_mandy_moore_phot.jpg"},{"@type":"BreadcrumbList","@id":"https:\/\/blogs.thesocialmedia.com\/leblogmoto\/2008\/01\/01\/de-bonnes-rsolu\/#breadcrumb","itemListElement":[{"@type":"ListItem","position":1,"name":"Accueil","item":"https:\/\/blogs.thesocialmedia.com\/leblogmoto\/"},{"@type":"ListItem","position":2,"name":"De bonnes r\u00e9solutions scoot\u00e9ristes en 2008 avec Vespa."}]},{"@type":"WebSite","@id":"https:\/\/blogs.thesocialmedia.com\/leblogmoto\/#website","url":"https:\/\/blogs.thesocialmedia.com\/leblogmoto\/","name":"leblogmoto","description":"Toute l&#039;actualit\u00e9 des 2 roues","potentialAction":[{"@type":"SearchAction","target":{"@type":"EntryPoint","urlTemplate":"https:\/\/blogs.thesocialmedia.com\/leblogmoto\/?s={search_term_string}"},"query-input":{"@type":"PropertyValueSpecification","valueRequired":true,"valueName":"search_term_string"}}],"inLanguage":"fr-FR"},{"@type":"Person","@id":"https:\/\/blogs.thesocialmedia.com\/leblogmoto\/#\/schema\/person\/18bfe773e5725ed6d24f743da805362a","name":"benoit rieu","image":{"@type":"ImageObject","inLanguage":"fr-FR","@id":"https:\/\/blogs.thesocialmedia.com\/leblogmoto\/#\/schema\/person\/image\/","url":"https:\/\/secure.gravatar.com\/avatar\/?s=96&d=mm&r=g","contentUrl":"https:\/\/secure.gravatar.com\/avatar\/?s=96&d=mm&r=g","caption":"benoit rieu"},"url":"https:\/\/blogs.thesocialmedia.com\/leblogmoto\/author\/benoit-rieu\/"}]}},"_links":{"self":[{"href":"https:\/\/blogs.thesocialmedia.com\/leblogmoto\/wp-json\/wp\/v2\/posts\/983","targetHints":{"allow":["GET"]}}],"collection":[{"href":"https:\/\/blogs.thesocialmedia.com\/leblogmoto\/wp-json\/wp\/v2\/posts"}],"about":[{"href":"https:\/\/blogs.thesocialmedia.com\/leblogmoto\/wp-json\/wp\/v2\/types\/post"}],"author":[{"embeddable":true,"href":"https:\/\/blogs.thesocialmedia.com\/leblogmoto\/wp-json\/wp\/v2\/users\/324"}],"replies":[{"embeddable":true,"href":"https:\/\/blogs.thesocialmedia.com\/leblogmoto\/wp-json\/wp\/v2\/comments?post=983"}],"version-history":[{"count":2,"href":"https:\/\/blogs.thesocialmedia.com\/leblogmoto\/wp-json\/wp\/v2\/posts\/983\/revisions"}],"predecessor-version":[{"id":9564,"href":"https:\/\/blogs.thesocialmedia.com\/leblogmoto\/wp-json\/wp\/v2\/posts\/983\/revisions\/9564"}],"wp:attachment":[{"href":"https:\/\/blogs.thesocialmedia.com\/leblogmoto\/wp-json\/wp\/v2\/media?parent=983"}],"wp:term":[{"taxonomy":"category","embeddable":true,"href":"https:\/\/blogs.thesocialmedia.com\/leblogmoto\/wp-json\/wp\/v2\/categories?post=983"},{"taxonomy":"post_tag","embeddable":true,"href":"https:\/\/blogs.thesocialmedia.com\/leblogmoto\/wp-json\/wp\/v2\/tags?post=983"}],"curies":[{"name":"wp","href":"https:\/\/api.w.org\/{rel}","templated":true}]}}