{"id":986,"date":"2007-12-31T13:27:24","date_gmt":"2007-12-31T13:27:24","guid":{"rendered":"http:\/\/blogs.thesocialmedia.com\/leblogmoto\/2007\/12\/31\/18-ans-et-au-dp\/"},"modified":"2012-07-11T15:09:08","modified_gmt":"2012-07-11T15:09:08","slug":"18-ans-et-au-dp","status":"publish","type":"post","link":"https:\/\/blogs.thesocialmedia.com\/leblogmoto\/2007\/12\/31\/18-ans-et-au-dp\/","title":{"rendered":"18 ans et au d\u00e9part du Dakar 2008"},"content":{"rendered":"<p><a href=\"http:\/\/blogs.thesocialmedia.com\/leblogmoto\/files\/2012\/07\/photos_155.jpg\"><img loading=\"lazy\" decoding=\"async\" width=\"250\" height=\"166\"  alt=\"Photos_155\" src=\"http:\/\/www.leblogmoto.com\/images\/2007\/12\/31\/photos_155.jpg\" style=\"margin: 0px 5px 5px 0px;float: left\" \/><\/a><a href=\"http:\/\/www.cheikh-yves.com\/\">Cheikh Yves Jacquemain<\/a>, 18 ans, sera le plus jeune \u00e0 prendre le d\u00e9part du Dakar 2008 en moto, le plus jeune dans l\u2019histoire du pays, selon la F\u00e9d\u00e9ration s\u00e9n\u00e9galaise auto-moto, et de la comp\u00e9tition toutes cat\u00e9gories confondues, selon sa famille.<br \/>Ayant d\u00e9j\u00e0 remport\u00e9 le Championnat national, <a href=\"http:\/\/www.cheikh-yves.com\/\">Cheikh Yves Jacquemain<\/a> est un peu le prodige du pays.<\/p>\n<p>Vous pourrez d&rsquo;ailleurs suivre ses aventures sur son s<a href=\"http:\/\/www.cheikh-yves.com\/\">ite<\/a> (source photo).<\/p>\n","protected":false},"excerpt":{"rendered":"<p>Cheikh Yves Jacquemain, 18 ans, sera le plus jeune \u00e0 prendre le d\u00e9part du Dakar 2008 en moto, le plus jeune dans l\u2019histoire du pays, selon la F\u00e9d\u00e9ration s\u00e9n\u00e9galaise auto-moto, et de la comp\u00e9tition toutes cat\u00e9gories confondues, selon sa famille.Ayant d\u00e9j\u00e0 remport\u00e9 le Championnat national, Cheikh Yves Jacquemain est un peu le prodige du pays. [&hellip;]<\/p>\n","protected":false},"author":329,"featured_media":0,"comment_status":"open","ping_status":"open","sticky":false,"template":"","format":"standard","meta":{"footnotes":""},"categories":[3,13,59],"tags":[],"class_list":["post-986","post","type-post","status-publish","format-standard","hentry","category-actualite","category-aventure","category-dakar"],"yoast_head":"<!-- This site is optimized with the Yoast SEO plugin v26.0 - https:\/\/yoast.com\/wordpress\/plugins\/seo\/ -->\n<title>18 ans et au d\u00e9part du Dakar 2008 - leblogmoto.com<\/title>\n<meta name=\"robots\" content=\"index, follow, max-snippet:-1, max-image-preview:large, max-video-preview:-1\" \/>\n<link rel=\"canonical\" href=\"https:\/\/blogs.thesocialmedia.com\/leblogmoto\/2007\/12\/31\/18-ans-et-au-dp\/\" \/>\n<meta name=\"twitter:card\" content=\"summary_large_image\" \/>\n<meta name=\"twitter:title\" content=\"18 ans et au d\u00e9part du Dakar 2008 - leblogmoto.com\" \/>\n<meta name=\"twitter:description\" content=\"Cheikh Yves Jacquemain, 18 ans, sera le plus jeune \u00e0 prendre le d\u00e9part du Dakar 2008 en moto, le plus jeune dans l\u2019histoire du pays, selon la F\u00e9d\u00e9ration s\u00e9n\u00e9galaise auto-moto, et de la comp\u00e9tition toutes cat\u00e9gories confondues, selon sa famille.Ayant d\u00e9j\u00e0 remport\u00e9 le Championnat national, Cheikh Yves Jacquemain est un peu le prodige du pays. [&hellip;]\" \/>\n<meta name=\"twitter:image\" content=\"http:\/\/www.leblogmoto.com\/images\/2007\/12\/31\/photos_155.jpg\" \/>\n<meta name=\"twitter:label1\" content=\"\u00c9crit par\" \/>\n\t<meta name=\"twitter:data1\" content=\"gregory boucaud\" \/>\n<script type=\"application\/ld+json\" class=\"yoast-schema-graph\">{\"@context\":\"https:\/\/schema.org\",\"@graph\":[{\"@type\":\"WebPage\",\"@id\":\"https:\/\/blogs.thesocialmedia.com\/leblogmoto\/2007\/12\/31\/18-ans-et-au-dp\/\",\"url\":\"https:\/\/blogs.thesocialmedia.com\/leblogmoto\/2007\/12\/31\/18-ans-et-au-dp\/\",\"name\":\"18 ans et au d\u00e9part du Dakar 2008 - leblogmoto.com\",\"isPartOf\":{\"@id\":\"https:\/\/blogs.thesocialmedia.com\/leblogmoto\/#website\"},\"primaryImageOfPage\":{\"@id\":\"https:\/\/blogs.thesocialmedia.com\/leblogmoto\/2007\/12\/31\/18-ans-et-au-dp\/#primaryimage\"},\"image\":{\"@id\":\"https:\/\/blogs.thesocialmedia.com\/leblogmoto\/2007\/12\/31\/18-ans-et-au-dp\/#primaryimage\"},\"thumbnailUrl\":\"http:\/\/www.leblogmoto.com\/images\/2007\/12\/31\/photos_155.jpg\",\"datePublished\":\"2007-12-31T13:27:24+00:00\",\"dateModified\":\"2012-07-11T15:09:08+00:00\",\"author\":{\"@id\":\"https:\/\/blogs.thesocialmedia.com\/leblogmoto\/#\/schema\/person\/769623f89741cc3381675029a37764f8\"},\"breadcrumb\":{\"@id\":\"https:\/\/blogs.thesocialmedia.com\/leblogmoto\/2007\/12\/31\/18-ans-et-au-dp\/#breadcrumb\"},\"inLanguage\":\"fr-FR\",\"potentialAction\":[{\"@type\":\"ReadAction\",\"target\":[\"https:\/\/blogs.thesocialmedia.com\/leblogmoto\/2007\/12\/31\/18-ans-et-au-dp\/\"]}]},{\"@type\":\"ImageObject\",\"inLanguage\":\"fr-FR\",\"@id\":\"https:\/\/blogs.thesocialmedia.com\/leblogmoto\/2007\/12\/31\/18-ans-et-au-dp\/#primaryimage\",\"url\":\"http:\/\/www.leblogmoto.com\/images\/2007\/12\/31\/photos_155.jpg\",\"contentUrl\":\"http:\/\/www.leblogmoto.com\/images\/2007\/12\/31\/photos_155.jpg\"},{\"@type\":\"BreadcrumbList\",\"@id\":\"https:\/\/blogs.thesocialmedia.com\/leblogmoto\/2007\/12\/31\/18-ans-et-au-dp\/#breadcrumb\",\"itemListElement\":[{\"@type\":\"ListItem\",\"position\":1,\"name\":\"Accueil\",\"item\":\"https:\/\/blogs.thesocialmedia.com\/leblogmoto\/\"},{\"@type\":\"ListItem\",\"position\":2,\"name\":\"18 ans et au d\u00e9part du Dakar 2008\"}]},{\"@type\":\"WebSite\",\"@id\":\"https:\/\/blogs.thesocialmedia.com\/leblogmoto\/#website\",\"url\":\"https:\/\/blogs.thesocialmedia.com\/leblogmoto\/\",\"name\":\"leblogmoto\",\"description\":\"Toute l&#039;actualit\u00e9 des 2 roues\",\"potentialAction\":[{\"@type\":\"SearchAction\",\"target\":{\"@type\":\"EntryPoint\",\"urlTemplate\":\"https:\/\/blogs.thesocialmedia.com\/leblogmoto\/?s={search_term_string}\"},\"query-input\":{\"@type\":\"PropertyValueSpecification\",\"valueRequired\":true,\"valueName\":\"search_term_string\"}}],\"inLanguage\":\"fr-FR\"},{\"@type\":\"Person\",\"@id\":\"https:\/\/blogs.thesocialmedia.com\/leblogmoto\/#\/schema\/person\/769623f89741cc3381675029a37764f8\",\"name\":\"gregory boucaud\",\"image\":{\"@type\":\"ImageObject\",\"inLanguage\":\"fr-FR\",\"@id\":\"https:\/\/blogs.thesocialmedia.com\/leblogmoto\/#\/schema\/person\/image\/\",\"url\":\"https:\/\/secure.gravatar.com\/avatar\/?s=96&d=mm&r=g\",\"contentUrl\":\"https:\/\/secure.gravatar.com\/avatar\/?s=96&d=mm&r=g\",\"caption\":\"gregory boucaud\"},\"url\":\"https:\/\/blogs.thesocialmedia.com\/leblogmoto\/author\/gregory-boucaud\/\"}]}<\/script>\n<!-- \/ Yoast SEO plugin. -->","yoast_head_json":{"title":"18 ans et au d\u00e9part du Dakar 2008 - leblogmoto.com","robots":{"index":"index","follow":"follow","max-snippet":"max-snippet:-1","max-image-preview":"max-image-preview:large","max-video-preview":"max-video-preview:-1"},"canonical":"https:\/\/blogs.thesocialmedia.com\/leblogmoto\/2007\/12\/31\/18-ans-et-au-dp\/","twitter_card":"summary_large_image","twitter_title":"18 ans et au d\u00e9part du Dakar 2008 - leblogmoto.com","twitter_description":"Cheikh Yves Jacquemain, 18 ans, sera le plus jeune \u00e0 prendre le d\u00e9part du Dakar 2008 en moto, le plus jeune dans l\u2019histoire du pays, selon la F\u00e9d\u00e9ration s\u00e9n\u00e9galaise auto-moto, et de la comp\u00e9tition toutes cat\u00e9gories confondues, selon sa famille.Ayant d\u00e9j\u00e0 remport\u00e9 le Championnat national, Cheikh Yves Jacquemain est un peu le prodige du pays. [&hellip;]","twitter_image":"http:\/\/www.leblogmoto.com\/images\/2007\/12\/31\/photos_155.jpg","twitter_misc":{"\u00c9crit par":"gregory boucaud"},"schema":{"@context":"https:\/\/schema.org","@graph":[{"@type":"WebPage","@id":"https:\/\/blogs.thesocialmedia.com\/leblogmoto\/2007\/12\/31\/18-ans-et-au-dp\/","url":"https:\/\/blogs.thesocialmedia.com\/leblogmoto\/2007\/12\/31\/18-ans-et-au-dp\/","name":"18 ans et au d\u00e9part du Dakar 2008 - leblogmoto.com","isPartOf":{"@id":"https:\/\/blogs.thesocialmedia.com\/leblogmoto\/#website"},"primaryImageOfPage":{"@id":"https:\/\/blogs.thesocialmedia.com\/leblogmoto\/2007\/12\/31\/18-ans-et-au-dp\/#primaryimage"},"image":{"@id":"https:\/\/blogs.thesocialmedia.com\/leblogmoto\/2007\/12\/31\/18-ans-et-au-dp\/#primaryimage"},"thumbnailUrl":"http:\/\/www.leblogmoto.com\/images\/2007\/12\/31\/photos_155.jpg","datePublished":"2007-12-31T13:27:24+00:00","dateModified":"2012-07-11T15:09:08+00:00","author":{"@id":"https:\/\/blogs.thesocialmedia.com\/leblogmoto\/#\/schema\/person\/769623f89741cc3381675029a37764f8"},"breadcrumb":{"@id":"https:\/\/blogs.thesocialmedia.com\/leblogmoto\/2007\/12\/31\/18-ans-et-au-dp\/#breadcrumb"},"inLanguage":"fr-FR","potentialAction":[{"@type":"ReadAction","target":["https:\/\/blogs.thesocialmedia.com\/leblogmoto\/2007\/12\/31\/18-ans-et-au-dp\/"]}]},{"@type":"ImageObject","inLanguage":"fr-FR","@id":"https:\/\/blogs.thesocialmedia.com\/leblogmoto\/2007\/12\/31\/18-ans-et-au-dp\/#primaryimage","url":"http:\/\/www.leblogmoto.com\/images\/2007\/12\/31\/photos_155.jpg","contentUrl":"http:\/\/www.leblogmoto.com\/images\/2007\/12\/31\/photos_155.jpg"},{"@type":"BreadcrumbList","@id":"https:\/\/blogs.thesocialmedia.com\/leblogmoto\/2007\/12\/31\/18-ans-et-au-dp\/#breadcrumb","itemListElement":[{"@type":"ListItem","position":1,"name":"Accueil","item":"https:\/\/blogs.thesocialmedia.com\/leblogmoto\/"},{"@type":"ListItem","position":2,"name":"18 ans et au d\u00e9part du Dakar 2008"}]},{"@type":"WebSite","@id":"https:\/\/blogs.thesocialmedia.com\/leblogmoto\/#website","url":"https:\/\/blogs.thesocialmedia.com\/leblogmoto\/","name":"leblogmoto","description":"Toute l&#039;actualit\u00e9 des 2 roues","potentialAction":[{"@type":"SearchAction","target":{"@type":"EntryPoint","urlTemplate":"https:\/\/blogs.thesocialmedia.com\/leblogmoto\/?s={search_term_string}"},"query-input":{"@type":"PropertyValueSpecification","valueRequired":true,"valueName":"search_term_string"}}],"inLanguage":"fr-FR"},{"@type":"Person","@id":"https:\/\/blogs.thesocialmedia.com\/leblogmoto\/#\/schema\/person\/769623f89741cc3381675029a37764f8","name":"gregory boucaud","image":{"@type":"ImageObject","inLanguage":"fr-FR","@id":"https:\/\/blogs.thesocialmedia.com\/leblogmoto\/#\/schema\/person\/image\/","url":"https:\/\/secure.gravatar.com\/avatar\/?s=96&d=mm&r=g","contentUrl":"https:\/\/secure.gravatar.com\/avatar\/?s=96&d=mm&r=g","caption":"gregory boucaud"},"url":"https:\/\/blogs.thesocialmedia.com\/leblogmoto\/author\/gregory-boucaud\/"}]}},"_links":{"self":[{"href":"https:\/\/blogs.thesocialmedia.com\/leblogmoto\/wp-json\/wp\/v2\/posts\/986","targetHints":{"allow":["GET"]}}],"collection":[{"href":"https:\/\/blogs.thesocialmedia.com\/leblogmoto\/wp-json\/wp\/v2\/posts"}],"about":[{"href":"https:\/\/blogs.thesocialmedia.com\/leblogmoto\/wp-json\/wp\/v2\/types\/post"}],"author":[{"embeddable":true,"href":"https:\/\/blogs.thesocialmedia.com\/leblogmoto\/wp-json\/wp\/v2\/users\/329"}],"replies":[{"embeddable":true,"href":"https:\/\/blogs.thesocialmedia.com\/leblogmoto\/wp-json\/wp\/v2\/comments?post=986"}],"version-history":[{"count":2,"href":"https:\/\/blogs.thesocialmedia.com\/leblogmoto\/wp-json\/wp\/v2\/posts\/986\/revisions"}],"predecessor-version":[{"id":9558,"href":"https:\/\/blogs.thesocialmedia.com\/leblogmoto\/wp-json\/wp\/v2\/posts\/986\/revisions\/9558"}],"wp:attachment":[{"href":"https:\/\/blogs.thesocialmedia.com\/leblogmoto\/wp-json\/wp\/v2\/media?parent=986"}],"wp:term":[{"taxonomy":"category","embeddable":true,"href":"https:\/\/blogs.thesocialmedia.com\/leblogmoto\/wp-json\/wp\/v2\/categories?post=986"},{"taxonomy":"post_tag","embeddable":true,"href":"https:\/\/blogs.thesocialmedia.com\/leblogmoto\/wp-json\/wp\/v2\/tags?post=986"}],"curies":[{"name":"wp","href":"https:\/\/api.w.org\/{rel}","templated":true}]}}