{"id":987,"date":"2007-12-31T13:16:34","date_gmt":"2007-12-31T13:16:34","guid":{"rendered":"http:\/\/blogs.thesocialmedia.com\/leblogmoto\/2007\/12\/31\/15me-journe-des\/"},"modified":"2012-07-11T15:09:06","modified_gmt":"2012-07-11T15:09:06","slug":"15me-journe-des","status":"publish","type":"post","link":"https:\/\/blogs.thesocialmedia.com\/leblogmoto\/2007\/12\/31\/15me-journe-des\/","title":{"rendered":"15\u00e8me journ\u00e9e des Chemins report\u00e9e"},"content":{"rendered":"<p><a href=\"http:\/\/blogs.thesocialmedia.com\/leblogmoto\/files\/2012\/07\/codever.jpg\"><img loading=\"lazy\" decoding=\"async\" width=\"250\" height=\"285\"  src=\"http:\/\/www.leblogmoto.com\/images\/2007\/12\/31\/codever.jpg\" alt=\"Codever\" style=\"margin: 0px 5px 5px 0px;float: left\" \/><\/a>Cette quinzi\u00e8me <a href=\"http:\/\/www.codever.fr\/\">Journ\u00e9e des Chemins<\/a> avait \u00e9t\u00e9 pr\u00e9vue pour le 16 mars 2008, mais en raison du second tour des \u00e9lections municipales, elle sera repouss\u00e9e au 30 mars.<br \/>Rappelons que cette journ\u00e9e citoyenne et m\u00e9diatique des motards verts est consacr\u00e9e \u00e0 nettoyer et d\u00e9fricher des chemins. <br \/>Pour plus d&rsquo;informations, rendez-vous sur le <a href=\"http:\/\/www.codever.fr\/forum\/index.php?showforum=83\">forum<\/a> <a href=\"www.codever.fr\">CODEVER<\/a>. <br \/>Les motards sur route, ne sont pas exclus de cette activit\u00e9. <\/p>\n<p>Photo : <a href=\"www.codever.fr\">Codever<\/a><\/p>\n","protected":false},"excerpt":{"rendered":"<p>Cette quinzi\u00e8me Journ\u00e9e des Chemins avait \u00e9t\u00e9 pr\u00e9vue pour le 16 mars 2008, mais en raison du second tour des \u00e9lections municipales, elle sera repouss\u00e9e au 30 mars.Rappelons que cette journ\u00e9e citoyenne et m\u00e9diatique des motards verts est consacr\u00e9e \u00e0 nettoyer et d\u00e9fricher des chemins. Pour plus d&rsquo;informations, rendez-vous sur le forum CODEVER. Les motards [&hellip;]<\/p>\n","protected":false},"author":329,"featured_media":0,"comment_status":"open","ping_status":"open","sticky":false,"template":"","format":"standard","meta":{"footnotes":""},"categories":[3],"tags":[],"class_list":["post-987","post","type-post","status-publish","format-standard","hentry","category-actualite"],"yoast_head":"<!-- This site is optimized with the Yoast SEO plugin v26.0 - https:\/\/yoast.com\/wordpress\/plugins\/seo\/ -->\n<title>15\u00e8me journ\u00e9e des Chemins report\u00e9e - leblogmoto.com<\/title>\n<meta name=\"robots\" content=\"index, follow, max-snippet:-1, max-image-preview:large, max-video-preview:-1\" \/>\n<link rel=\"canonical\" href=\"https:\/\/blogs.thesocialmedia.com\/leblogmoto\/2007\/12\/31\/15me-journe-des\/\" \/>\n<meta name=\"twitter:card\" content=\"summary_large_image\" \/>\n<meta name=\"twitter:title\" content=\"15\u00e8me journ\u00e9e des Chemins report\u00e9e - leblogmoto.com\" \/>\n<meta name=\"twitter:description\" content=\"Cette quinzi\u00e8me Journ\u00e9e des Chemins avait \u00e9t\u00e9 pr\u00e9vue pour le 16 mars 2008, mais en raison du second tour des \u00e9lections municipales, elle sera repouss\u00e9e au 30 mars.Rappelons que cette journ\u00e9e citoyenne et m\u00e9diatique des motards verts est consacr\u00e9e \u00e0 nettoyer et d\u00e9fricher des chemins. Pour plus d&rsquo;informations, rendez-vous sur le forum CODEVER. Les motards [&hellip;]\" \/>\n<meta name=\"twitter:image\" content=\"http:\/\/www.leblogmoto.com\/images\/2007\/12\/31\/codever.jpg\" \/>\n<meta name=\"twitter:label1\" content=\"\u00c9crit par\" \/>\n\t<meta name=\"twitter:data1\" content=\"gregory boucaud\" \/>\n<script type=\"application\/ld+json\" class=\"yoast-schema-graph\">{\"@context\":\"https:\/\/schema.org\",\"@graph\":[{\"@type\":\"WebPage\",\"@id\":\"https:\/\/blogs.thesocialmedia.com\/leblogmoto\/2007\/12\/31\/15me-journe-des\/\",\"url\":\"https:\/\/blogs.thesocialmedia.com\/leblogmoto\/2007\/12\/31\/15me-journe-des\/\",\"name\":\"15\u00e8me journ\u00e9e des Chemins report\u00e9e - leblogmoto.com\",\"isPartOf\":{\"@id\":\"https:\/\/blogs.thesocialmedia.com\/leblogmoto\/#website\"},\"primaryImageOfPage\":{\"@id\":\"https:\/\/blogs.thesocialmedia.com\/leblogmoto\/2007\/12\/31\/15me-journe-des\/#primaryimage\"},\"image\":{\"@id\":\"https:\/\/blogs.thesocialmedia.com\/leblogmoto\/2007\/12\/31\/15me-journe-des\/#primaryimage\"},\"thumbnailUrl\":\"http:\/\/www.leblogmoto.com\/images\/2007\/12\/31\/codever.jpg\",\"datePublished\":\"2007-12-31T13:16:34+00:00\",\"dateModified\":\"2012-07-11T15:09:06+00:00\",\"author\":{\"@id\":\"https:\/\/blogs.thesocialmedia.com\/leblogmoto\/#\/schema\/person\/769623f89741cc3381675029a37764f8\"},\"breadcrumb\":{\"@id\":\"https:\/\/blogs.thesocialmedia.com\/leblogmoto\/2007\/12\/31\/15me-journe-des\/#breadcrumb\"},\"inLanguage\":\"fr-FR\",\"potentialAction\":[{\"@type\":\"ReadAction\",\"target\":[\"https:\/\/blogs.thesocialmedia.com\/leblogmoto\/2007\/12\/31\/15me-journe-des\/\"]}]},{\"@type\":\"ImageObject\",\"inLanguage\":\"fr-FR\",\"@id\":\"https:\/\/blogs.thesocialmedia.com\/leblogmoto\/2007\/12\/31\/15me-journe-des\/#primaryimage\",\"url\":\"http:\/\/www.leblogmoto.com\/images\/2007\/12\/31\/codever.jpg\",\"contentUrl\":\"http:\/\/www.leblogmoto.com\/images\/2007\/12\/31\/codever.jpg\"},{\"@type\":\"BreadcrumbList\",\"@id\":\"https:\/\/blogs.thesocialmedia.com\/leblogmoto\/2007\/12\/31\/15me-journe-des\/#breadcrumb\",\"itemListElement\":[{\"@type\":\"ListItem\",\"position\":1,\"name\":\"Accueil\",\"item\":\"https:\/\/blogs.thesocialmedia.com\/leblogmoto\/\"},{\"@type\":\"ListItem\",\"position\":2,\"name\":\"15\u00e8me journ\u00e9e des Chemins report\u00e9e\"}]},{\"@type\":\"WebSite\",\"@id\":\"https:\/\/blogs.thesocialmedia.com\/leblogmoto\/#website\",\"url\":\"https:\/\/blogs.thesocialmedia.com\/leblogmoto\/\",\"name\":\"leblogmoto\",\"description\":\"Toute l&#039;actualit\u00e9 des 2 roues\",\"potentialAction\":[{\"@type\":\"SearchAction\",\"target\":{\"@type\":\"EntryPoint\",\"urlTemplate\":\"https:\/\/blogs.thesocialmedia.com\/leblogmoto\/?s={search_term_string}\"},\"query-input\":{\"@type\":\"PropertyValueSpecification\",\"valueRequired\":true,\"valueName\":\"search_term_string\"}}],\"inLanguage\":\"fr-FR\"},{\"@type\":\"Person\",\"@id\":\"https:\/\/blogs.thesocialmedia.com\/leblogmoto\/#\/schema\/person\/769623f89741cc3381675029a37764f8\",\"name\":\"gregory boucaud\",\"image\":{\"@type\":\"ImageObject\",\"inLanguage\":\"fr-FR\",\"@id\":\"https:\/\/blogs.thesocialmedia.com\/leblogmoto\/#\/schema\/person\/image\/\",\"url\":\"https:\/\/secure.gravatar.com\/avatar\/?s=96&d=mm&r=g\",\"contentUrl\":\"https:\/\/secure.gravatar.com\/avatar\/?s=96&d=mm&r=g\",\"caption\":\"gregory boucaud\"},\"url\":\"https:\/\/blogs.thesocialmedia.com\/leblogmoto\/author\/gregory-boucaud\/\"}]}<\/script>\n<!-- \/ Yoast SEO plugin. -->","yoast_head_json":{"title":"15\u00e8me journ\u00e9e des Chemins report\u00e9e - leblogmoto.com","robots":{"index":"index","follow":"follow","max-snippet":"max-snippet:-1","max-image-preview":"max-image-preview:large","max-video-preview":"max-video-preview:-1"},"canonical":"https:\/\/blogs.thesocialmedia.com\/leblogmoto\/2007\/12\/31\/15me-journe-des\/","twitter_card":"summary_large_image","twitter_title":"15\u00e8me journ\u00e9e des Chemins report\u00e9e - leblogmoto.com","twitter_description":"Cette quinzi\u00e8me Journ\u00e9e des Chemins avait \u00e9t\u00e9 pr\u00e9vue pour le 16 mars 2008, mais en raison du second tour des \u00e9lections municipales, elle sera repouss\u00e9e au 30 mars.Rappelons que cette journ\u00e9e citoyenne et m\u00e9diatique des motards verts est consacr\u00e9e \u00e0 nettoyer et d\u00e9fricher des chemins. Pour plus d&rsquo;informations, rendez-vous sur le forum CODEVER. Les motards [&hellip;]","twitter_image":"http:\/\/www.leblogmoto.com\/images\/2007\/12\/31\/codever.jpg","twitter_misc":{"\u00c9crit par":"gregory boucaud"},"schema":{"@context":"https:\/\/schema.org","@graph":[{"@type":"WebPage","@id":"https:\/\/blogs.thesocialmedia.com\/leblogmoto\/2007\/12\/31\/15me-journe-des\/","url":"https:\/\/blogs.thesocialmedia.com\/leblogmoto\/2007\/12\/31\/15me-journe-des\/","name":"15\u00e8me journ\u00e9e des Chemins report\u00e9e - leblogmoto.com","isPartOf":{"@id":"https:\/\/blogs.thesocialmedia.com\/leblogmoto\/#website"},"primaryImageOfPage":{"@id":"https:\/\/blogs.thesocialmedia.com\/leblogmoto\/2007\/12\/31\/15me-journe-des\/#primaryimage"},"image":{"@id":"https:\/\/blogs.thesocialmedia.com\/leblogmoto\/2007\/12\/31\/15me-journe-des\/#primaryimage"},"thumbnailUrl":"http:\/\/www.leblogmoto.com\/images\/2007\/12\/31\/codever.jpg","datePublished":"2007-12-31T13:16:34+00:00","dateModified":"2012-07-11T15:09:06+00:00","author":{"@id":"https:\/\/blogs.thesocialmedia.com\/leblogmoto\/#\/schema\/person\/769623f89741cc3381675029a37764f8"},"breadcrumb":{"@id":"https:\/\/blogs.thesocialmedia.com\/leblogmoto\/2007\/12\/31\/15me-journe-des\/#breadcrumb"},"inLanguage":"fr-FR","potentialAction":[{"@type":"ReadAction","target":["https:\/\/blogs.thesocialmedia.com\/leblogmoto\/2007\/12\/31\/15me-journe-des\/"]}]},{"@type":"ImageObject","inLanguage":"fr-FR","@id":"https:\/\/blogs.thesocialmedia.com\/leblogmoto\/2007\/12\/31\/15me-journe-des\/#primaryimage","url":"http:\/\/www.leblogmoto.com\/images\/2007\/12\/31\/codever.jpg","contentUrl":"http:\/\/www.leblogmoto.com\/images\/2007\/12\/31\/codever.jpg"},{"@type":"BreadcrumbList","@id":"https:\/\/blogs.thesocialmedia.com\/leblogmoto\/2007\/12\/31\/15me-journe-des\/#breadcrumb","itemListElement":[{"@type":"ListItem","position":1,"name":"Accueil","item":"https:\/\/blogs.thesocialmedia.com\/leblogmoto\/"},{"@type":"ListItem","position":2,"name":"15\u00e8me journ\u00e9e des Chemins report\u00e9e"}]},{"@type":"WebSite","@id":"https:\/\/blogs.thesocialmedia.com\/leblogmoto\/#website","url":"https:\/\/blogs.thesocialmedia.com\/leblogmoto\/","name":"leblogmoto","description":"Toute l&#039;actualit\u00e9 des 2 roues","potentialAction":[{"@type":"SearchAction","target":{"@type":"EntryPoint","urlTemplate":"https:\/\/blogs.thesocialmedia.com\/leblogmoto\/?s={search_term_string}"},"query-input":{"@type":"PropertyValueSpecification","valueRequired":true,"valueName":"search_term_string"}}],"inLanguage":"fr-FR"},{"@type":"Person","@id":"https:\/\/blogs.thesocialmedia.com\/leblogmoto\/#\/schema\/person\/769623f89741cc3381675029a37764f8","name":"gregory boucaud","image":{"@type":"ImageObject","inLanguage":"fr-FR","@id":"https:\/\/blogs.thesocialmedia.com\/leblogmoto\/#\/schema\/person\/image\/","url":"https:\/\/secure.gravatar.com\/avatar\/?s=96&d=mm&r=g","contentUrl":"https:\/\/secure.gravatar.com\/avatar\/?s=96&d=mm&r=g","caption":"gregory boucaud"},"url":"https:\/\/blogs.thesocialmedia.com\/leblogmoto\/author\/gregory-boucaud\/"}]}},"_links":{"self":[{"href":"https:\/\/blogs.thesocialmedia.com\/leblogmoto\/wp-json\/wp\/v2\/posts\/987","targetHints":{"allow":["GET"]}}],"collection":[{"href":"https:\/\/blogs.thesocialmedia.com\/leblogmoto\/wp-json\/wp\/v2\/posts"}],"about":[{"href":"https:\/\/blogs.thesocialmedia.com\/leblogmoto\/wp-json\/wp\/v2\/types\/post"}],"author":[{"embeddable":true,"href":"https:\/\/blogs.thesocialmedia.com\/leblogmoto\/wp-json\/wp\/v2\/users\/329"}],"replies":[{"embeddable":true,"href":"https:\/\/blogs.thesocialmedia.com\/leblogmoto\/wp-json\/wp\/v2\/comments?post=987"}],"version-history":[{"count":2,"href":"https:\/\/blogs.thesocialmedia.com\/leblogmoto\/wp-json\/wp\/v2\/posts\/987\/revisions"}],"predecessor-version":[{"id":9556,"href":"https:\/\/blogs.thesocialmedia.com\/leblogmoto\/wp-json\/wp\/v2\/posts\/987\/revisions\/9556"}],"wp:attachment":[{"href":"https:\/\/blogs.thesocialmedia.com\/leblogmoto\/wp-json\/wp\/v2\/media?parent=987"}],"wp:term":[{"taxonomy":"category","embeddable":true,"href":"https:\/\/blogs.thesocialmedia.com\/leblogmoto\/wp-json\/wp\/v2\/categories?post=987"},{"taxonomy":"post_tag","embeddable":true,"href":"https:\/\/blogs.thesocialmedia.com\/leblogmoto\/wp-json\/wp\/v2\/tags?post=987"}],"curies":[{"name":"wp","href":"https:\/\/api.w.org\/{rel}","templated":true}]}}