{"id":988,"date":"2007-12-31T12:32:52","date_gmt":"2007-12-31T12:32:52","guid":{"rendered":"http:\/\/blogs.thesocialmedia.com\/leblogmoto\/2007\/12\/31\/le-salon-de-la\/"},"modified":"2012-07-11T15:09:05","modified_gmt":"2012-07-11T15:09:05","slug":"le-salon-de-la","status":"publish","type":"post","link":"https:\/\/blogs.thesocialmedia.com\/leblogmoto\/2007\/12\/31\/le-salon-de-la\/","title":{"rendered":"Le Salon de la Moto des Alpes 2008"},"content":{"rendered":"<p><a href=\"http:\/\/blogs.thesocialmedia.com\/leblogmoto\/files\/2012\/07\/sma2008.jpg\"><img loading=\"lazy\" decoding=\"async\" width=\"470\" height=\"325\"  alt=\"Sma2008\" src=\"http:\/\/www.leblogmoto.com\/images\/2007\/12\/31\/sma2008.jpg\" style=\"margin: 0px 5px 5px 0px;float: left\" \/><\/a>Cette ann\u00e9e aura lieu les 14, 15 et 16 mars 2008 la sixi\u00e8me \u00e9dition du <a href=\"http:\/\/www.arpalmoto.fr\/\">Salon de la Moto des Alpes 2008<\/a>.<br \/>80 exposants sur plus de 11 000 m\u00b2 seront pr\u00e9sents pour accueillir les 25 000 visiteurs attendus.<\/p>\n<p>Au cours de ce salon, vous pourrez aussi voir le salon de l&rsquo;occasion ainsi que les diff\u00e9rentes animations ext\u00e9rieures.<\/p>\n<p> Sachez aussi que si vous voulez aider b\u00e9n\u00e9volement \u00e0 la pr\u00e9paration de ce salon, la <a href=\"http:\/\/www.ffmc38.com\">FFMC 38<\/a> vous accueillera.<br \/> L&rsquo;organisation du salon (parking motos, consigne casques et stand FFMC) se met en place \u00e0 partir de Janvier 2008 au 70 cours J. Jaur\u00e8s \u00e0 Grenoble (bureau de la Mutuelle des Motards) le 2\u00e8me vendredi de chaque mois.<br \/> Vos id\u00e9es et votre participation seront les bienvenues.<br \/> Il faut environ 65 motards pour tenir les diff\u00e9rents postes pendant 3 jours. Venez nous communiquer vos disponibilit\u00e9s au plus t\u00f4t (les places seront limit\u00e9es).<\/p>\n<p>Pour plus d&rsquo;informations sur la FFMC 38, rendez-vous sur leur site <a href=\"http:\/\/www.ffmc38.com\">internet<\/a>.<br \/>Pour plus d&rsquo;informations sur la Salon, veuillez-vous rendre <a href=\"http:\/\/www.arpalmoto.fr\/\">ici<\/a>.<\/p>\n","protected":false},"excerpt":{"rendered":"<p>Cette ann\u00e9e aura lieu les 14, 15 et 16 mars 2008 la sixi\u00e8me \u00e9dition du Salon de la Moto des Alpes 2008.80 exposants sur plus de 11 000 m\u00b2 seront pr\u00e9sents pour accueillir les 25 000 visiteurs attendus. Au cours de ce salon, vous pourrez aussi voir le salon de l&rsquo;occasion ainsi que les diff\u00e9rentes [&hellip;]<\/p>\n","protected":false},"author":329,"featured_media":0,"comment_status":"open","ping_status":"open","sticky":false,"template":"","format":"standard","meta":{"footnotes":""},"categories":[3,36],"tags":[],"class_list":["post-988","post","type-post","status-publish","format-standard","hentry","category-actualite","category-salons"],"yoast_head":"<!-- This site is optimized with the Yoast SEO plugin v26.0 - https:\/\/yoast.com\/wordpress\/plugins\/seo\/ -->\n<title>Le Salon de la Moto des Alpes 2008 - leblogmoto.com<\/title>\n<meta name=\"robots\" content=\"index, follow, max-snippet:-1, max-image-preview:large, max-video-preview:-1\" \/>\n<link rel=\"canonical\" href=\"https:\/\/blogs.thesocialmedia.com\/leblogmoto\/2007\/12\/31\/le-salon-de-la\/\" \/>\n<meta name=\"twitter:card\" content=\"summary_large_image\" \/>\n<meta name=\"twitter:title\" content=\"Le Salon de la Moto des Alpes 2008 - leblogmoto.com\" \/>\n<meta name=\"twitter:description\" content=\"Cette ann\u00e9e aura lieu les 14, 15 et 16 mars 2008 la sixi\u00e8me \u00e9dition du Salon de la Moto des Alpes 2008.80 exposants sur plus de 11 000 m\u00b2 seront pr\u00e9sents pour accueillir les 25 000 visiteurs attendus. Au cours de ce salon, vous pourrez aussi voir le salon de l&rsquo;occasion ainsi que les diff\u00e9rentes [&hellip;]\" \/>\n<meta name=\"twitter:image\" content=\"http:\/\/www.leblogmoto.com\/images\/2007\/12\/31\/sma2008.jpg\" \/>\n<meta name=\"twitter:label1\" content=\"\u00c9crit par\" \/>\n\t<meta name=\"twitter:data1\" content=\"gregory boucaud\" \/>\n\t<meta name=\"twitter:label2\" content=\"Dur\u00e9e de lecture estim\u00e9e\" \/>\n\t<meta name=\"twitter:data2\" content=\"1 minute\" \/>\n<script type=\"application\/ld+json\" class=\"yoast-schema-graph\">{\"@context\":\"https:\/\/schema.org\",\"@graph\":[{\"@type\":\"WebPage\",\"@id\":\"https:\/\/blogs.thesocialmedia.com\/leblogmoto\/2007\/12\/31\/le-salon-de-la\/\",\"url\":\"https:\/\/blogs.thesocialmedia.com\/leblogmoto\/2007\/12\/31\/le-salon-de-la\/\",\"name\":\"Le Salon de la Moto des Alpes 2008 - leblogmoto.com\",\"isPartOf\":{\"@id\":\"https:\/\/blogs.thesocialmedia.com\/leblogmoto\/#website\"},\"primaryImageOfPage\":{\"@id\":\"https:\/\/blogs.thesocialmedia.com\/leblogmoto\/2007\/12\/31\/le-salon-de-la\/#primaryimage\"},\"image\":{\"@id\":\"https:\/\/blogs.thesocialmedia.com\/leblogmoto\/2007\/12\/31\/le-salon-de-la\/#primaryimage\"},\"thumbnailUrl\":\"http:\/\/www.leblogmoto.com\/images\/2007\/12\/31\/sma2008.jpg\",\"datePublished\":\"2007-12-31T12:32:52+00:00\",\"dateModified\":\"2012-07-11T15:09:05+00:00\",\"author\":{\"@id\":\"https:\/\/blogs.thesocialmedia.com\/leblogmoto\/#\/schema\/person\/769623f89741cc3381675029a37764f8\"},\"breadcrumb\":{\"@id\":\"https:\/\/blogs.thesocialmedia.com\/leblogmoto\/2007\/12\/31\/le-salon-de-la\/#breadcrumb\"},\"inLanguage\":\"fr-FR\",\"potentialAction\":[{\"@type\":\"ReadAction\",\"target\":[\"https:\/\/blogs.thesocialmedia.com\/leblogmoto\/2007\/12\/31\/le-salon-de-la\/\"]}]},{\"@type\":\"ImageObject\",\"inLanguage\":\"fr-FR\",\"@id\":\"https:\/\/blogs.thesocialmedia.com\/leblogmoto\/2007\/12\/31\/le-salon-de-la\/#primaryimage\",\"url\":\"http:\/\/www.leblogmoto.com\/images\/2007\/12\/31\/sma2008.jpg\",\"contentUrl\":\"http:\/\/www.leblogmoto.com\/images\/2007\/12\/31\/sma2008.jpg\"},{\"@type\":\"BreadcrumbList\",\"@id\":\"https:\/\/blogs.thesocialmedia.com\/leblogmoto\/2007\/12\/31\/le-salon-de-la\/#breadcrumb\",\"itemListElement\":[{\"@type\":\"ListItem\",\"position\":1,\"name\":\"Accueil\",\"item\":\"https:\/\/blogs.thesocialmedia.com\/leblogmoto\/\"},{\"@type\":\"ListItem\",\"position\":2,\"name\":\"Le Salon de la Moto des Alpes 2008\"}]},{\"@type\":\"WebSite\",\"@id\":\"https:\/\/blogs.thesocialmedia.com\/leblogmoto\/#website\",\"url\":\"https:\/\/blogs.thesocialmedia.com\/leblogmoto\/\",\"name\":\"leblogmoto\",\"description\":\"Toute l&#039;actualit\u00e9 des 2 roues\",\"potentialAction\":[{\"@type\":\"SearchAction\",\"target\":{\"@type\":\"EntryPoint\",\"urlTemplate\":\"https:\/\/blogs.thesocialmedia.com\/leblogmoto\/?s={search_term_string}\"},\"query-input\":{\"@type\":\"PropertyValueSpecification\",\"valueRequired\":true,\"valueName\":\"search_term_string\"}}],\"inLanguage\":\"fr-FR\"},{\"@type\":\"Person\",\"@id\":\"https:\/\/blogs.thesocialmedia.com\/leblogmoto\/#\/schema\/person\/769623f89741cc3381675029a37764f8\",\"name\":\"gregory boucaud\",\"image\":{\"@type\":\"ImageObject\",\"inLanguage\":\"fr-FR\",\"@id\":\"https:\/\/blogs.thesocialmedia.com\/leblogmoto\/#\/schema\/person\/image\/\",\"url\":\"https:\/\/secure.gravatar.com\/avatar\/?s=96&d=mm&r=g\",\"contentUrl\":\"https:\/\/secure.gravatar.com\/avatar\/?s=96&d=mm&r=g\",\"caption\":\"gregory boucaud\"},\"url\":\"https:\/\/blogs.thesocialmedia.com\/leblogmoto\/author\/gregory-boucaud\/\"}]}<\/script>\n<!-- \/ Yoast SEO plugin. -->","yoast_head_json":{"title":"Le Salon de la Moto des Alpes 2008 - leblogmoto.com","robots":{"index":"index","follow":"follow","max-snippet":"max-snippet:-1","max-image-preview":"max-image-preview:large","max-video-preview":"max-video-preview:-1"},"canonical":"https:\/\/blogs.thesocialmedia.com\/leblogmoto\/2007\/12\/31\/le-salon-de-la\/","twitter_card":"summary_large_image","twitter_title":"Le Salon de la Moto des Alpes 2008 - leblogmoto.com","twitter_description":"Cette ann\u00e9e aura lieu les 14, 15 et 16 mars 2008 la sixi\u00e8me \u00e9dition du Salon de la Moto des Alpes 2008.80 exposants sur plus de 11 000 m\u00b2 seront pr\u00e9sents pour accueillir les 25 000 visiteurs attendus. Au cours de ce salon, vous pourrez aussi voir le salon de l&rsquo;occasion ainsi que les diff\u00e9rentes [&hellip;]","twitter_image":"http:\/\/www.leblogmoto.com\/images\/2007\/12\/31\/sma2008.jpg","twitter_misc":{"\u00c9crit par":"gregory boucaud","Dur\u00e9e de lecture estim\u00e9e":"1 minute"},"schema":{"@context":"https:\/\/schema.org","@graph":[{"@type":"WebPage","@id":"https:\/\/blogs.thesocialmedia.com\/leblogmoto\/2007\/12\/31\/le-salon-de-la\/","url":"https:\/\/blogs.thesocialmedia.com\/leblogmoto\/2007\/12\/31\/le-salon-de-la\/","name":"Le Salon de la Moto des Alpes 2008 - leblogmoto.com","isPartOf":{"@id":"https:\/\/blogs.thesocialmedia.com\/leblogmoto\/#website"},"primaryImageOfPage":{"@id":"https:\/\/blogs.thesocialmedia.com\/leblogmoto\/2007\/12\/31\/le-salon-de-la\/#primaryimage"},"image":{"@id":"https:\/\/blogs.thesocialmedia.com\/leblogmoto\/2007\/12\/31\/le-salon-de-la\/#primaryimage"},"thumbnailUrl":"http:\/\/www.leblogmoto.com\/images\/2007\/12\/31\/sma2008.jpg","datePublished":"2007-12-31T12:32:52+00:00","dateModified":"2012-07-11T15:09:05+00:00","author":{"@id":"https:\/\/blogs.thesocialmedia.com\/leblogmoto\/#\/schema\/person\/769623f89741cc3381675029a37764f8"},"breadcrumb":{"@id":"https:\/\/blogs.thesocialmedia.com\/leblogmoto\/2007\/12\/31\/le-salon-de-la\/#breadcrumb"},"inLanguage":"fr-FR","potentialAction":[{"@type":"ReadAction","target":["https:\/\/blogs.thesocialmedia.com\/leblogmoto\/2007\/12\/31\/le-salon-de-la\/"]}]},{"@type":"ImageObject","inLanguage":"fr-FR","@id":"https:\/\/blogs.thesocialmedia.com\/leblogmoto\/2007\/12\/31\/le-salon-de-la\/#primaryimage","url":"http:\/\/www.leblogmoto.com\/images\/2007\/12\/31\/sma2008.jpg","contentUrl":"http:\/\/www.leblogmoto.com\/images\/2007\/12\/31\/sma2008.jpg"},{"@type":"BreadcrumbList","@id":"https:\/\/blogs.thesocialmedia.com\/leblogmoto\/2007\/12\/31\/le-salon-de-la\/#breadcrumb","itemListElement":[{"@type":"ListItem","position":1,"name":"Accueil","item":"https:\/\/blogs.thesocialmedia.com\/leblogmoto\/"},{"@type":"ListItem","position":2,"name":"Le Salon de la Moto des Alpes 2008"}]},{"@type":"WebSite","@id":"https:\/\/blogs.thesocialmedia.com\/leblogmoto\/#website","url":"https:\/\/blogs.thesocialmedia.com\/leblogmoto\/","name":"leblogmoto","description":"Toute l&#039;actualit\u00e9 des 2 roues","potentialAction":[{"@type":"SearchAction","target":{"@type":"EntryPoint","urlTemplate":"https:\/\/blogs.thesocialmedia.com\/leblogmoto\/?s={search_term_string}"},"query-input":{"@type":"PropertyValueSpecification","valueRequired":true,"valueName":"search_term_string"}}],"inLanguage":"fr-FR"},{"@type":"Person","@id":"https:\/\/blogs.thesocialmedia.com\/leblogmoto\/#\/schema\/person\/769623f89741cc3381675029a37764f8","name":"gregory boucaud","image":{"@type":"ImageObject","inLanguage":"fr-FR","@id":"https:\/\/blogs.thesocialmedia.com\/leblogmoto\/#\/schema\/person\/image\/","url":"https:\/\/secure.gravatar.com\/avatar\/?s=96&d=mm&r=g","contentUrl":"https:\/\/secure.gravatar.com\/avatar\/?s=96&d=mm&r=g","caption":"gregory boucaud"},"url":"https:\/\/blogs.thesocialmedia.com\/leblogmoto\/author\/gregory-boucaud\/"}]}},"_links":{"self":[{"href":"https:\/\/blogs.thesocialmedia.com\/leblogmoto\/wp-json\/wp\/v2\/posts\/988","targetHints":{"allow":["GET"]}}],"collection":[{"href":"https:\/\/blogs.thesocialmedia.com\/leblogmoto\/wp-json\/wp\/v2\/posts"}],"about":[{"href":"https:\/\/blogs.thesocialmedia.com\/leblogmoto\/wp-json\/wp\/v2\/types\/post"}],"author":[{"embeddable":true,"href":"https:\/\/blogs.thesocialmedia.com\/leblogmoto\/wp-json\/wp\/v2\/users\/329"}],"replies":[{"embeddable":true,"href":"https:\/\/blogs.thesocialmedia.com\/leblogmoto\/wp-json\/wp\/v2\/comments?post=988"}],"version-history":[{"count":2,"href":"https:\/\/blogs.thesocialmedia.com\/leblogmoto\/wp-json\/wp\/v2\/posts\/988\/revisions"}],"predecessor-version":[{"id":9554,"href":"https:\/\/blogs.thesocialmedia.com\/leblogmoto\/wp-json\/wp\/v2\/posts\/988\/revisions\/9554"}],"wp:attachment":[{"href":"https:\/\/blogs.thesocialmedia.com\/leblogmoto\/wp-json\/wp\/v2\/media?parent=988"}],"wp:term":[{"taxonomy":"category","embeddable":true,"href":"https:\/\/blogs.thesocialmedia.com\/leblogmoto\/wp-json\/wp\/v2\/categories?post=988"},{"taxonomy":"post_tag","embeddable":true,"href":"https:\/\/blogs.thesocialmedia.com\/leblogmoto\/wp-json\/wp\/v2\/tags?post=988"}],"curies":[{"name":"wp","href":"https:\/\/api.w.org\/{rel}","templated":true}]}}