{"id":99,"date":"2009-06-26T23:09:41","date_gmt":"2009-06-26T23:09:41","guid":{"rendered":"http:\/\/blogs.thesocialmedia.com\/leblogmoto\/2009\/06\/26\/rossi-idealement-place-sur-la-grille-pour-la-centieme\/"},"modified":"2012-07-11T17:32:51","modified_gmt":"2012-07-11T17:32:51","slug":"rossi-idealement-place-sur-la-grille-pour-la-centieme","status":"publish","type":"post","link":"https:\/\/blogs.thesocialmedia.com\/leblogmoto\/2009\/06\/26\/rossi-idealement-place-sur-la-grille-pour-la-centieme\/","title":{"rendered":"Rossi id\u00e9alement plac\u00e9 pour une \u00e9ventuelle centi\u00e8me."},"content":{"rendered":"<p><a href=\"http:\/\/blogs.thesocialmedia.com\/leblogmoto\/files\/2012\/07\/6a00d83451b18369e2011571671809970b-popup.png\"><img decoding=\"async\" alt=\"MotoGP Rossi Pedrosa saison 2009\" class=\"at-xid-6a00d83451b18369e2011571671809970b \" src=\"http:\/\/blogs.thesocialmedia.com\/leblogmoto\/files\/2012\/07\/6a00d83451b18369e2011571671809970b-500wi.jpg\" \/><\/a><\/p>\n<p>Comme le pr\u00e9cise Vale avec son recul habituel, c&#039;est sa toute premi\u00e8re vraie pole position de&#160;l&#039;ann\u00e9e qu&#039;il va f\u00eater aux Pays-bas demain. Puisqu&#039;au Japon,&#160;la pluie avait oblig\u00e9 les organisateurs&#160;\u00e0 figer les positions et se baser exclusivement sur les temps&#8230; des essais libres.&#160;La pluie justement, pourrait se manifester ce week-end, les pr\u00e9visions m\u00e9t\u00e9o annon\u00e7ant un temps nuageux avec des averses. S\u00e9ance qualificative avort\u00e9e ou pas, le sextuple champion du monde dans la cat\u00e9gorie reine des \u00e9preuves de vitesse, signe l\u00e0 sa 53\u00e8me position de pointe. Devant un Dani Pedrosa aux anges et rassur\u00e9 sur sa condition physique, mais pas totalement. &quot;Cet apr\u00e8s-midi, j&#039;ai am\u00e9lior\u00e9 mes temps \u00e0 chaque tour et j&#039;ai b\u00e9n\u00e9fici\u00e9 de l&#039;aspiration de Valentino pour prendre la 2e place. Cette piste est dure physiquement et je ne suis pas encore au top, mais je vais essayer de me surpasser et d&#039;avoir un bon rythme.&quot; Auteur tout deux d&#039;un superbe <a href=\"http:\/\/www.leblogmoto.com\/2009\/06\/pour-le-plaisir-les-deux-derniers-tours-du-gp-de-catalogne.html\">duel au Grand Prix<\/a> de Catalogne, le co\u00e9quipier de l&#039;Italien compl\u00e8tera la premi\u00e8re ligne&#8230;<\/p>\n<\/p>\n<p>&#8230;Un Jorge&#160;pas&#160;compl\u00e8tement satisfait de son pilotage: &quot;Il faut que je regarde la vid\u00e9o pour voir ce que je peux am\u00e9liorer, notamment le passage de certains virages en 6e \u00e0 plus de 220 km\/h&quot;.<\/p>\n<p>M\u00eame si Stoner n&#039;est que quatri\u00e8me, g\u00ean\u00e9&#160;par l&#039;absence de &quot;tour clair&quot; (sans pilote retardataire qui bouchonne)&#160;dans les moments cruciaux, Valentino reste prudent et malgr\u00e9 l&#039;empressement des journalistes (et de nous autres fans) ne se voit pas encore d\u00e9crocher une centi\u00e8me vitesse en grand prix moto vitesse: &quot;Nous sommes tr\u00e8s proches les uns des autres. Il faudra donc avoir un bon rythme en course, faire un bon d\u00e9part et donner son maximum. J&#039;esp\u00e8re que la piste sera s\u00e8che comme aujourd&#039;hui&quot;.<\/p>\n<p>Randy de Puniet qui avait impressionn\u00e9 en essais libres en coiffant le Dottore au poteau, s&#039;\u00e9lancera malheureusement&#160;de la dixi\u00e8me place,&#160;en raison de probl\u00e8mes de grip dus \u00e0 la gestion \u00e9lectronique, et qui lui co\u00fbtent selon lui pr\u00e8s d&#039;une demi-seconde au tour.<\/p>\n<p>Grille de d\u00e9part du GP d&#039;Assen, \u00e0 suivre demain sur <a href=\"http:\/\/www.nt1.tv\/motogp\/default.aspx\">NT1<\/a> en France, \u00e0 partir de 13h30:<\/p>\n<p><strong>Pos&#160; Rider&#160;&#160;&#160;&#160;&#160;&#160;&#160;&#160;&#160;&#160;&#160;&#160; Bike&#160;&#160;&#160;&#160;&#160;&#160;&#160;&#160;&#160;&#160;&#160;&#160; Time&#160;&#160;&#160;&#160;&#160;&#160; Gap<\/strong><br \/>1.&#160; Valentino Rossi&#160;&#160; Yamaha&#160;&#160;&#160;&#160;&#160;&#160;&#160;&#160;&#160;&#160;&#160;&#160;&#160;&#160; 1m36.025s<br \/>2.&#160; Dani Pedrosa&#160;&#160;&#160;&#160;&#160; Honda&#160;&#160;&#160;&#160;&#160;&#160;&#160;&#160;&#160;&#160;&#160;&#160;&#160; &#160;&#160;&#160; 1m36.110s&#160; + 0.085s<br \/>3.&#160; Jorge Lorenzo&#160;&#160;&#160;&#160; Yamaha&#160;&#160;&#160;&#160;&#160;&#160;&#160;&#160;&#160;&#160;&#160;&#160;&#160;&#160;&#160; 1m36.393s&#160; + 0.368s<br \/>4.&#160; Casey Stoner&#160;&#160;&#160;&#160;&#160; Ducati&#160;&#160;&#160;&#160;&#160;&#160;&#160;&#160;&#160;&#160;&#160;&#160;&#160;&#160;&#160;&#160;&#160; 1m36.633s&#160; + 0.608s<br \/>5.&#160; Colin Edwards&#160;&#160;&#160;&#160; Tech 3 Yamaha&#160;&#160;&#160; 1m36.760s&#160; + 0.735s<br \/>6.&#160; Loris Capirossi&#160;&#160; Suzuki&#160;&#160;&#160;&#160;&#160;&#160;&#160;&#160;&#160;&#160;&#160;&#160;&#160;&#160;&#160;&#160;&#160; 1m36.953s&#160; + 0.928s<br \/>7.&#160; Chris Vermeulen&#160;&#160; Suzuki&#160;&#160;&#160;&#160;&#160;&#160;&#160;&#160;&#160;&#160;&#160;&#160;&#160;&#160; 1m37.194s&#160; + 1.169s<br \/>8.&#160; Andrea Dovizioso&#160; Honda&#160;&#160;&#160;&#160;&#160;&#160;&#160;&#160;&#160;&#160;&#160;&#160;&#160;&#160;&#160; 1m37.237s&#160; + 1.212s<br \/>9.&#160; James Toseland&#160;&#160;&#160; Tech 3 Yamaha&#160; 1m37.323s&#160; + 1.298s<br \/>10.&#160; Randy de Puniet&#160;&#160; LCR Honda&#160;&#160;&#160;&#160;&#160;&#160;&#160;1m37.473s&#160; + 1.448s<br \/>11.&#160; Alex de Angelis&#160;&#160; Gresini Honda&#160;&#160;&#160;&#160;1m37.637s&#160; + 1.612s<br \/>12.&#160; Mika Kallio&#160;&#160;&#160;&#160;&#160;&#160; Pramac Ducati&#160;&#160;&#160;&#160;&#160; 1m37.749s&#160; + 1.724s<br \/>13.&#160; Nicky Hayden&#160;&#160;&#160;&#160;&#160; Ducati&#160;&#160;&#160;&#160;&#160;&#160;&#160;&#160;&#160;&#160;&#160;&#160;&#160;&#160;&#160;1m37.759s&#160; + 1.734s<br \/>14.&#160; Marco Melandri&#160;&#160;Hayate Kawasaki 1m37.948s&#160; + 1.923s<br \/>15.&#160; Toni Elias&#160;&#160;&#160;&#160;&#160;&#160;&#160; Gresini Honda&#160;&#160;&#160;&#160;&#160;&#160;&#160; 1m38.136s&#160; + 2.111s<br \/>16.&#160; Sete Gibernau&#160;&#160;&#160;&#160; Hernando Ducati&#160;1m38.453s&#160; + 2.428s<br \/>17.&#160; Niccolo Canepa&#160;&#160;&#160; Pramac Ducati&#160;&#160;1m38.605s&#160; + 2.580s<br \/>18.&#160; Yuki Takahashi&#160;&#160;&#160; Scot Honda&#160;&#160;&#160;&#160;&#160;&#160; 1m38.619s&#160; + 2.594s<br \/>19.&#160; Gabor Talmacsi&#160;&#160;&#160; Scot Honda&#160;&#160;&#160;&#160;&#160;&#160; 1m39.407s&#160; + 3.382s<\/p>\n","protected":false},"excerpt":{"rendered":"<p>Comme le pr\u00e9cise Vale avec son recul habituel, c&#039;est sa toute premi\u00e8re vraie pole position de&#160;l&#039;ann\u00e9e qu&#039;il va f\u00eater aux Pays-bas demain. Puisqu&#039;au Japon,&#160;la pluie avait oblig\u00e9 les organisateurs&#160;\u00e0 figer les positions et se baser exclusivement sur les temps&#8230; des essais libres.&#160;La pluie justement, pourrait se manifester ce week-end, les pr\u00e9visions m\u00e9t\u00e9o annon\u00e7ant un temps [&hellip;]<\/p>\n","protected":false},"author":324,"featured_media":13868,"comment_status":"open","ping_status":"open","sticky":false,"template":"","format":"standard","meta":{"footnotes":""},"categories":[3,22,24],"tags":[],"class_list":["post-99","post","type-post","status-publish","format-standard","has-post-thumbnail","hentry","category-actualite","category-motogp","category-television"],"yoast_head":"<!-- This site is optimized with the Yoast SEO plugin v26.0 - https:\/\/yoast.com\/wordpress\/plugins\/seo\/ -->\n<title>Rossi id\u00e9alement plac\u00e9 pour une \u00e9ventuelle centi\u00e8me. - leblogmoto.com<\/title>\n<meta name=\"robots\" content=\"index, follow, max-snippet:-1, max-image-preview:large, max-video-preview:-1\" \/>\n<link rel=\"canonical\" href=\"https:\/\/blogs.thesocialmedia.com\/leblogmoto\/2009\/06\/26\/rossi-idealement-place-sur-la-grille-pour-la-centieme\/\" \/>\n<meta name=\"twitter:card\" content=\"summary_large_image\" \/>\n<meta name=\"twitter:title\" content=\"Rossi id\u00e9alement plac\u00e9 pour une \u00e9ventuelle centi\u00e8me. - leblogmoto.com\" \/>\n<meta name=\"twitter:description\" content=\"Comme le pr\u00e9cise Vale avec son recul habituel, c&#039;est sa toute premi\u00e8re vraie pole position de&#160;l&#039;ann\u00e9e qu&#039;il va f\u00eater aux Pays-bas demain. Puisqu&#039;au Japon,&#160;la pluie avait oblig\u00e9 les organisateurs&#160;\u00e0 figer les positions et se baser exclusivement sur les temps&#8230; des essais libres.&#160;La pluie justement, pourrait se manifester ce week-end, les pr\u00e9visions m\u00e9t\u00e9o annon\u00e7ant un temps [&hellip;]\" \/>\n<meta name=\"twitter:image\" content=\"https:\/\/blogs.thesocialmedia.com\/leblogmoto\/files\/2012\/07\/6a00d83451b18369e2011571671809970b-500wi.jpg\" \/>\n<meta name=\"twitter:label1\" content=\"\u00c9crit par\" \/>\n\t<meta name=\"twitter:data1\" content=\"benoit rieu\" \/>\n\t<meta name=\"twitter:label2\" content=\"Dur\u00e9e de lecture estim\u00e9e\" \/>\n\t<meta name=\"twitter:data2\" content=\"3 minutes\" \/>\n<script type=\"application\/ld+json\" class=\"yoast-schema-graph\">{\"@context\":\"https:\/\/schema.org\",\"@graph\":[{\"@type\":\"WebPage\",\"@id\":\"https:\/\/blogs.thesocialmedia.com\/leblogmoto\/2009\/06\/26\/rossi-idealement-place-sur-la-grille-pour-la-centieme\/\",\"url\":\"https:\/\/blogs.thesocialmedia.com\/leblogmoto\/2009\/06\/26\/rossi-idealement-place-sur-la-grille-pour-la-centieme\/\",\"name\":\"Rossi id\u00e9alement plac\u00e9 pour une \u00e9ventuelle centi\u00e8me. - leblogmoto.com\",\"isPartOf\":{\"@id\":\"https:\/\/blogs.thesocialmedia.com\/leblogmoto\/#website\"},\"primaryImageOfPage\":{\"@id\":\"https:\/\/blogs.thesocialmedia.com\/leblogmoto\/2009\/06\/26\/rossi-idealement-place-sur-la-grille-pour-la-centieme\/#primaryimage\"},\"image\":{\"@id\":\"https:\/\/blogs.thesocialmedia.com\/leblogmoto\/2009\/06\/26\/rossi-idealement-place-sur-la-grille-pour-la-centieme\/#primaryimage\"},\"thumbnailUrl\":\"https:\/\/blogs.thesocialmedia.com\/leblogmoto\/files\/2012\/07\/6a00d83451b18369e2011571671809970b-500wi.jpg\",\"datePublished\":\"2009-06-26T23:09:41+00:00\",\"dateModified\":\"2012-07-11T17:32:51+00:00\",\"author\":{\"@id\":\"https:\/\/blogs.thesocialmedia.com\/leblogmoto\/#\/schema\/person\/18bfe773e5725ed6d24f743da805362a\"},\"breadcrumb\":{\"@id\":\"https:\/\/blogs.thesocialmedia.com\/leblogmoto\/2009\/06\/26\/rossi-idealement-place-sur-la-grille-pour-la-centieme\/#breadcrumb\"},\"inLanguage\":\"fr-FR\",\"potentialAction\":[{\"@type\":\"ReadAction\",\"target\":[\"https:\/\/blogs.thesocialmedia.com\/leblogmoto\/2009\/06\/26\/rossi-idealement-place-sur-la-grille-pour-la-centieme\/\"]}]},{\"@type\":\"ImageObject\",\"inLanguage\":\"fr-FR\",\"@id\":\"https:\/\/blogs.thesocialmedia.com\/leblogmoto\/2009\/06\/26\/rossi-idealement-place-sur-la-grille-pour-la-centieme\/#primaryimage\",\"url\":\"https:\/\/blogs.thesocialmedia.com\/leblogmoto\/files\/2012\/07\/6a00d83451b18369e2011571671809970b-500wi.jpg\",\"contentUrl\":\"https:\/\/blogs.thesocialmedia.com\/leblogmoto\/files\/2012\/07\/6a00d83451b18369e2011571671809970b-500wi.jpg\",\"width\":\"500\",\"height\":\"333\"},{\"@type\":\"BreadcrumbList\",\"@id\":\"https:\/\/blogs.thesocialmedia.com\/leblogmoto\/2009\/06\/26\/rossi-idealement-place-sur-la-grille-pour-la-centieme\/#breadcrumb\",\"itemListElement\":[{\"@type\":\"ListItem\",\"position\":1,\"name\":\"Accueil\",\"item\":\"https:\/\/blogs.thesocialmedia.com\/leblogmoto\/\"},{\"@type\":\"ListItem\",\"position\":2,\"name\":\"Rossi id\u00e9alement plac\u00e9 pour une \u00e9ventuelle centi\u00e8me.\"}]},{\"@type\":\"WebSite\",\"@id\":\"https:\/\/blogs.thesocialmedia.com\/leblogmoto\/#website\",\"url\":\"https:\/\/blogs.thesocialmedia.com\/leblogmoto\/\",\"name\":\"leblogmoto\",\"description\":\"Toute l&#039;actualit\u00e9 des 2 roues\",\"potentialAction\":[{\"@type\":\"SearchAction\",\"target\":{\"@type\":\"EntryPoint\",\"urlTemplate\":\"https:\/\/blogs.thesocialmedia.com\/leblogmoto\/?s={search_term_string}\"},\"query-input\":{\"@type\":\"PropertyValueSpecification\",\"valueRequired\":true,\"valueName\":\"search_term_string\"}}],\"inLanguage\":\"fr-FR\"},{\"@type\":\"Person\",\"@id\":\"https:\/\/blogs.thesocialmedia.com\/leblogmoto\/#\/schema\/person\/18bfe773e5725ed6d24f743da805362a\",\"name\":\"benoit rieu\",\"image\":{\"@type\":\"ImageObject\",\"inLanguage\":\"fr-FR\",\"@id\":\"https:\/\/blogs.thesocialmedia.com\/leblogmoto\/#\/schema\/person\/image\/\",\"url\":\"https:\/\/secure.gravatar.com\/avatar\/?s=96&d=mm&r=g\",\"contentUrl\":\"https:\/\/secure.gravatar.com\/avatar\/?s=96&d=mm&r=g\",\"caption\":\"benoit rieu\"},\"url\":\"https:\/\/blogs.thesocialmedia.com\/leblogmoto\/author\/benoit-rieu\/\"}]}<\/script>\n<!-- \/ Yoast SEO plugin. -->","yoast_head_json":{"title":"Rossi id\u00e9alement plac\u00e9 pour une \u00e9ventuelle centi\u00e8me. - leblogmoto.com","robots":{"index":"index","follow":"follow","max-snippet":"max-snippet:-1","max-image-preview":"max-image-preview:large","max-video-preview":"max-video-preview:-1"},"canonical":"https:\/\/blogs.thesocialmedia.com\/leblogmoto\/2009\/06\/26\/rossi-idealement-place-sur-la-grille-pour-la-centieme\/","twitter_card":"summary_large_image","twitter_title":"Rossi id\u00e9alement plac\u00e9 pour une \u00e9ventuelle centi\u00e8me. - leblogmoto.com","twitter_description":"Comme le pr\u00e9cise Vale avec son recul habituel, c&#039;est sa toute premi\u00e8re vraie pole position de&#160;l&#039;ann\u00e9e qu&#039;il va f\u00eater aux Pays-bas demain. Puisqu&#039;au Japon,&#160;la pluie avait oblig\u00e9 les organisateurs&#160;\u00e0 figer les positions et se baser exclusivement sur les temps&#8230; des essais libres.&#160;La pluie justement, pourrait se manifester ce week-end, les pr\u00e9visions m\u00e9t\u00e9o annon\u00e7ant un temps [&hellip;]","twitter_image":"https:\/\/blogs.thesocialmedia.com\/leblogmoto\/files\/2012\/07\/6a00d83451b18369e2011571671809970b-500wi.jpg","twitter_misc":{"\u00c9crit par":"benoit rieu","Dur\u00e9e de lecture estim\u00e9e":"3 minutes"},"schema":{"@context":"https:\/\/schema.org","@graph":[{"@type":"WebPage","@id":"https:\/\/blogs.thesocialmedia.com\/leblogmoto\/2009\/06\/26\/rossi-idealement-place-sur-la-grille-pour-la-centieme\/","url":"https:\/\/blogs.thesocialmedia.com\/leblogmoto\/2009\/06\/26\/rossi-idealement-place-sur-la-grille-pour-la-centieme\/","name":"Rossi id\u00e9alement plac\u00e9 pour une \u00e9ventuelle centi\u00e8me. - leblogmoto.com","isPartOf":{"@id":"https:\/\/blogs.thesocialmedia.com\/leblogmoto\/#website"},"primaryImageOfPage":{"@id":"https:\/\/blogs.thesocialmedia.com\/leblogmoto\/2009\/06\/26\/rossi-idealement-place-sur-la-grille-pour-la-centieme\/#primaryimage"},"image":{"@id":"https:\/\/blogs.thesocialmedia.com\/leblogmoto\/2009\/06\/26\/rossi-idealement-place-sur-la-grille-pour-la-centieme\/#primaryimage"},"thumbnailUrl":"https:\/\/blogs.thesocialmedia.com\/leblogmoto\/files\/2012\/07\/6a00d83451b18369e2011571671809970b-500wi.jpg","datePublished":"2009-06-26T23:09:41+00:00","dateModified":"2012-07-11T17:32:51+00:00","author":{"@id":"https:\/\/blogs.thesocialmedia.com\/leblogmoto\/#\/schema\/person\/18bfe773e5725ed6d24f743da805362a"},"breadcrumb":{"@id":"https:\/\/blogs.thesocialmedia.com\/leblogmoto\/2009\/06\/26\/rossi-idealement-place-sur-la-grille-pour-la-centieme\/#breadcrumb"},"inLanguage":"fr-FR","potentialAction":[{"@type":"ReadAction","target":["https:\/\/blogs.thesocialmedia.com\/leblogmoto\/2009\/06\/26\/rossi-idealement-place-sur-la-grille-pour-la-centieme\/"]}]},{"@type":"ImageObject","inLanguage":"fr-FR","@id":"https:\/\/blogs.thesocialmedia.com\/leblogmoto\/2009\/06\/26\/rossi-idealement-place-sur-la-grille-pour-la-centieme\/#primaryimage","url":"https:\/\/blogs.thesocialmedia.com\/leblogmoto\/files\/2012\/07\/6a00d83451b18369e2011571671809970b-500wi.jpg","contentUrl":"https:\/\/blogs.thesocialmedia.com\/leblogmoto\/files\/2012\/07\/6a00d83451b18369e2011571671809970b-500wi.jpg","width":"500","height":"333"},{"@type":"BreadcrumbList","@id":"https:\/\/blogs.thesocialmedia.com\/leblogmoto\/2009\/06\/26\/rossi-idealement-place-sur-la-grille-pour-la-centieme\/#breadcrumb","itemListElement":[{"@type":"ListItem","position":1,"name":"Accueil","item":"https:\/\/blogs.thesocialmedia.com\/leblogmoto\/"},{"@type":"ListItem","position":2,"name":"Rossi id\u00e9alement plac\u00e9 pour une \u00e9ventuelle centi\u00e8me."}]},{"@type":"WebSite","@id":"https:\/\/blogs.thesocialmedia.com\/leblogmoto\/#website","url":"https:\/\/blogs.thesocialmedia.com\/leblogmoto\/","name":"leblogmoto","description":"Toute l&#039;actualit\u00e9 des 2 roues","potentialAction":[{"@type":"SearchAction","target":{"@type":"EntryPoint","urlTemplate":"https:\/\/blogs.thesocialmedia.com\/leblogmoto\/?s={search_term_string}"},"query-input":{"@type":"PropertyValueSpecification","valueRequired":true,"valueName":"search_term_string"}}],"inLanguage":"fr-FR"},{"@type":"Person","@id":"https:\/\/blogs.thesocialmedia.com\/leblogmoto\/#\/schema\/person\/18bfe773e5725ed6d24f743da805362a","name":"benoit rieu","image":{"@type":"ImageObject","inLanguage":"fr-FR","@id":"https:\/\/blogs.thesocialmedia.com\/leblogmoto\/#\/schema\/person\/image\/","url":"https:\/\/secure.gravatar.com\/avatar\/?s=96&d=mm&r=g","contentUrl":"https:\/\/secure.gravatar.com\/avatar\/?s=96&d=mm&r=g","caption":"benoit rieu"},"url":"https:\/\/blogs.thesocialmedia.com\/leblogmoto\/author\/benoit-rieu\/"}]}},"_links":{"self":[{"href":"https:\/\/blogs.thesocialmedia.com\/leblogmoto\/wp-json\/wp\/v2\/posts\/99","targetHints":{"allow":["GET"]}}],"collection":[{"href":"https:\/\/blogs.thesocialmedia.com\/leblogmoto\/wp-json\/wp\/v2\/posts"}],"about":[{"href":"https:\/\/blogs.thesocialmedia.com\/leblogmoto\/wp-json\/wp\/v2\/types\/post"}],"author":[{"embeddable":true,"href":"https:\/\/blogs.thesocialmedia.com\/leblogmoto\/wp-json\/wp\/v2\/users\/324"}],"replies":[{"embeddable":true,"href":"https:\/\/blogs.thesocialmedia.com\/leblogmoto\/wp-json\/wp\/v2\/comments?post=99"}],"version-history":[{"count":2,"href":"https:\/\/blogs.thesocialmedia.com\/leblogmoto\/wp-json\/wp\/v2\/posts\/99\/revisions"}],"predecessor-version":[{"id":13870,"href":"https:\/\/blogs.thesocialmedia.com\/leblogmoto\/wp-json\/wp\/v2\/posts\/99\/revisions\/13870"}],"wp:featuredmedia":[{"embeddable":true,"href":"https:\/\/blogs.thesocialmedia.com\/leblogmoto\/wp-json\/wp\/v2\/media\/13868"}],"wp:attachment":[{"href":"https:\/\/blogs.thesocialmedia.com\/leblogmoto\/wp-json\/wp\/v2\/media?parent=99"}],"wp:term":[{"taxonomy":"category","embeddable":true,"href":"https:\/\/blogs.thesocialmedia.com\/leblogmoto\/wp-json\/wp\/v2\/categories?post=99"},{"taxonomy":"post_tag","embeddable":true,"href":"https:\/\/blogs.thesocialmedia.com\/leblogmoto\/wp-json\/wp\/v2\/tags?post=99"}],"curies":[{"name":"wp","href":"https:\/\/api.w.org\/{rel}","templated":true}]}}