{"id":992,"date":"2007-12-28T03:52:17","date_gmt":"2007-12-28T03:52:17","guid":{"rendered":"http:\/\/blogs.thesocialmedia.com\/leblogmoto\/2007\/12\/28\/album-du-vend-4-6\/"},"modified":"2012-07-11T15:08:45","modified_gmt":"2012-07-11T15:08:45","slug":"album-du-vend-4-6","status":"publish","type":"post","link":"https:\/\/blogs.thesocialmedia.com\/leblogmoto\/2007\/12\/28\/album-du-vend-4-6\/","title":{"rendered":"Album du vendredi, Illustrations"},"content":{"rendered":"<p><a href=\"http:\/\/blogs.thesocialmedia.com\/leblogmoto\/files\/2012\/07\/ill1.jpg\"><img loading=\"lazy\" decoding=\"async\" width=\"470\" height=\"359\"  src=\"http:\/\/www.leblogmoto.com\/images\/2007\/12\/27\/ill1.jpg\" alt=\"Ill1\" \/><\/a> <\/p>\n<p>Pour ce dernier vendredi de l&rsquo;ann\u00e9e, c&rsquo;est l&rsquo;imagination au pouvoir qui prend la sc\u00e8ne d&rsquo;assaut. Rien de tel qu&rsquo;un petit dessin pour faire passer une \u00e9motion, une id\u00e9e, un concept. Et si la vie est plus belle en couleur comme disait une pub, imaginez ce que \u00e7a peut \u00eatre quand on y ajoute ce grain de folie et de libert\u00e9 que seuls les plus simples des outils, crayons et papiers, peuvent y apporter.<\/p>\n<p><a href=\"http:\/\/blogs.thesocialmedia.com\/leblogmoto\/files\/2012\/07\/ill2.jpg\"><img loading=\"lazy\" decoding=\"async\" width=\"470\" height=\"333\"  src=\"http:\/\/www.leblogmoto.com\/images\/2007\/12\/27\/ill2.jpg\" alt=\"Ill2\" \/><\/a> <\/p>\n<p><a href=\"http:\/\/blogs.thesocialmedia.com\/leblogmoto\/files\/2012\/07\/ill3.jpg\"><img loading=\"lazy\" decoding=\"async\" width=\"470\" height=\"235\"  src=\"http:\/\/www.leblogmoto.com\/images\/2007\/12\/27\/ill3.jpg\" alt=\"Ill3\" \/><\/a> <\/p>\n<p><a href=\"http:\/\/blogs.thesocialmedia.com\/leblogmoto\/files\/2012\/07\/ill4.jpg\"><img loading=\"lazy\" decoding=\"async\" width=\"470\" height=\"269\"  src=\"http:\/\/www.leblogmoto.com\/images\/2007\/12\/27\/ill4.jpg\" alt=\"Ill4\" \/><\/a> <\/p>\n<p><a href=\"http:\/\/blogs.thesocialmedia.com\/leblogmoto\/files\/2012\/07\/ill5.jpg\"><img loading=\"lazy\" decoding=\"async\" width=\"470\" height=\"315\"  src=\"http:\/\/www.leblogmoto.com\/images\/2007\/12\/27\/ill5.jpg\" alt=\"Ill5\" \/><\/a> <\/p>\n<p><a href=\"http:\/\/blogs.thesocialmedia.com\/leblogmoto\/files\/2012\/07\/ill6.jpg\"><img loading=\"lazy\" decoding=\"async\" width=\"470\" height=\"323\"  src=\"http:\/\/www.leblogmoto.com\/images\/2007\/12\/27\/ill6.jpg\" alt=\"Ill6\" \/><\/a> <\/p>\n<p><a href=\"http:\/\/blogs.thesocialmedia.com\/leblogmoto\/files\/2012\/07\/ill7.jpg\"><img loading=\"lazy\" decoding=\"async\" width=\"470\" height=\"306\"  src=\"http:\/\/www.leblogmoto.com\/images\/2007\/12\/27\/ill7.jpg\" alt=\"Ill7\" \/><\/a> <\/p>\n<p><a href=\"http:\/\/blogs.thesocialmedia.com\/leblogmoto\/files\/2012\/07\/ill8.jpg\"><img loading=\"lazy\" decoding=\"async\" width=\"470\" height=\"320\"  src=\"http:\/\/www.leblogmoto.com\/images\/2007\/12\/27\/ill8.jpg\" alt=\"Ill8\" \/><\/a> <\/p>\n<p><a href=\"http:\/\/blogs.thesocialmedia.com\/leblogmoto\/files\/2012\/07\/ill9.jpg\"><img loading=\"lazy\" decoding=\"async\" width=\"470\" height=\"275\"  src=\"http:\/\/www.leblogmoto.com\/images\/2007\/12\/27\/ill9.jpg\" alt=\"Ill9\" \/><\/a> <\/p>\n","protected":false},"excerpt":{"rendered":"<p>Pour ce dernier vendredi de l&rsquo;ann\u00e9e, c&rsquo;est l&rsquo;imagination au pouvoir qui prend la sc\u00e8ne d&rsquo;assaut. Rien de tel qu&rsquo;un petit dessin pour faire passer une \u00e9motion, une id\u00e9e, un concept. Et si la vie est plus belle en couleur comme disait une pub, imaginez ce que \u00e7a peut \u00eatre quand on y ajoute ce grain [&hellip;]<\/p>\n","protected":false},"author":325,"featured_media":0,"comment_status":"open","ping_status":"open","sticky":false,"template":"","format":"standard","meta":{"footnotes":""},"categories":[16],"tags":[],"class_list":["post-992","post","type-post","status-publish","format-standard","hentry","category-art-moto"],"yoast_head":"<!-- This site is optimized with the Yoast SEO plugin v26.0 - https:\/\/yoast.com\/wordpress\/plugins\/seo\/ -->\n<title>Album du vendredi, Illustrations - leblogmoto.com<\/title>\n<meta name=\"robots\" content=\"index, follow, max-snippet:-1, max-image-preview:large, max-video-preview:-1\" \/>\n<link rel=\"canonical\" href=\"https:\/\/blogs.thesocialmedia.com\/leblogmoto\/2007\/12\/28\/album-du-vend-4-6\/\" \/>\n<meta name=\"twitter:card\" content=\"summary_large_image\" \/>\n<meta name=\"twitter:title\" content=\"Album du vendredi, Illustrations - leblogmoto.com\" \/>\n<meta name=\"twitter:description\" content=\"Pour ce dernier vendredi de l&rsquo;ann\u00e9e, c&rsquo;est l&rsquo;imagination au pouvoir qui prend la sc\u00e8ne d&rsquo;assaut. Rien de tel qu&rsquo;un petit dessin pour faire passer une \u00e9motion, une id\u00e9e, un concept. Et si la vie est plus belle en couleur comme disait une pub, imaginez ce que \u00e7a peut \u00eatre quand on y ajoute ce grain [&hellip;]\" \/>\n<meta name=\"twitter:image\" content=\"http:\/\/www.leblogmoto.com\/images\/2007\/12\/27\/ill1.jpg\" \/>\n<meta name=\"twitter:label1\" content=\"\u00c9crit par\" \/>\n\t<meta name=\"twitter:data1\" content=\"jacques lesage\" \/>\n<script type=\"application\/ld+json\" class=\"yoast-schema-graph\">{\"@context\":\"https:\/\/schema.org\",\"@graph\":[{\"@type\":\"WebPage\",\"@id\":\"https:\/\/blogs.thesocialmedia.com\/leblogmoto\/2007\/12\/28\/album-du-vend-4-6\/\",\"url\":\"https:\/\/blogs.thesocialmedia.com\/leblogmoto\/2007\/12\/28\/album-du-vend-4-6\/\",\"name\":\"Album du vendredi, Illustrations - leblogmoto.com\",\"isPartOf\":{\"@id\":\"https:\/\/blogs.thesocialmedia.com\/leblogmoto\/#website\"},\"primaryImageOfPage\":{\"@id\":\"https:\/\/blogs.thesocialmedia.com\/leblogmoto\/2007\/12\/28\/album-du-vend-4-6\/#primaryimage\"},\"image\":{\"@id\":\"https:\/\/blogs.thesocialmedia.com\/leblogmoto\/2007\/12\/28\/album-du-vend-4-6\/#primaryimage\"},\"thumbnailUrl\":\"http:\/\/www.leblogmoto.com\/images\/2007\/12\/27\/ill1.jpg\",\"datePublished\":\"2007-12-28T03:52:17+00:00\",\"dateModified\":\"2012-07-11T15:08:45+00:00\",\"author\":{\"@id\":\"https:\/\/blogs.thesocialmedia.com\/leblogmoto\/#\/schema\/person\/e82a0ca8a9a63d031586097a3ed58526\"},\"breadcrumb\":{\"@id\":\"https:\/\/blogs.thesocialmedia.com\/leblogmoto\/2007\/12\/28\/album-du-vend-4-6\/#breadcrumb\"},\"inLanguage\":\"fr-FR\",\"potentialAction\":[{\"@type\":\"ReadAction\",\"target\":[\"https:\/\/blogs.thesocialmedia.com\/leblogmoto\/2007\/12\/28\/album-du-vend-4-6\/\"]}]},{\"@type\":\"ImageObject\",\"inLanguage\":\"fr-FR\",\"@id\":\"https:\/\/blogs.thesocialmedia.com\/leblogmoto\/2007\/12\/28\/album-du-vend-4-6\/#primaryimage\",\"url\":\"http:\/\/www.leblogmoto.com\/images\/2007\/12\/27\/ill1.jpg\",\"contentUrl\":\"http:\/\/www.leblogmoto.com\/images\/2007\/12\/27\/ill1.jpg\"},{\"@type\":\"BreadcrumbList\",\"@id\":\"https:\/\/blogs.thesocialmedia.com\/leblogmoto\/2007\/12\/28\/album-du-vend-4-6\/#breadcrumb\",\"itemListElement\":[{\"@type\":\"ListItem\",\"position\":1,\"name\":\"Accueil\",\"item\":\"https:\/\/blogs.thesocialmedia.com\/leblogmoto\/\"},{\"@type\":\"ListItem\",\"position\":2,\"name\":\"Album du vendredi, Illustrations\"}]},{\"@type\":\"WebSite\",\"@id\":\"https:\/\/blogs.thesocialmedia.com\/leblogmoto\/#website\",\"url\":\"https:\/\/blogs.thesocialmedia.com\/leblogmoto\/\",\"name\":\"leblogmoto\",\"description\":\"Toute l&#039;actualit\u00e9 des 2 roues\",\"potentialAction\":[{\"@type\":\"SearchAction\",\"target\":{\"@type\":\"EntryPoint\",\"urlTemplate\":\"https:\/\/blogs.thesocialmedia.com\/leblogmoto\/?s={search_term_string}\"},\"query-input\":{\"@type\":\"PropertyValueSpecification\",\"valueRequired\":true,\"valueName\":\"search_term_string\"}}],\"inLanguage\":\"fr-FR\"},{\"@type\":\"Person\",\"@id\":\"https:\/\/blogs.thesocialmedia.com\/leblogmoto\/#\/schema\/person\/e82a0ca8a9a63d031586097a3ed58526\",\"name\":\"jacques lesage\",\"image\":{\"@type\":\"ImageObject\",\"inLanguage\":\"fr-FR\",\"@id\":\"https:\/\/blogs.thesocialmedia.com\/leblogmoto\/#\/schema\/person\/image\/\",\"url\":\"https:\/\/secure.gravatar.com\/avatar\/?s=96&d=mm&r=g\",\"contentUrl\":\"https:\/\/secure.gravatar.com\/avatar\/?s=96&d=mm&r=g\",\"caption\":\"jacques lesage\"},\"url\":\"https:\/\/blogs.thesocialmedia.com\/leblogmoto\/author\/jacques-lesage\/\"}]}<\/script>\n<!-- \/ Yoast SEO plugin. -->","yoast_head_json":{"title":"Album du vendredi, Illustrations - leblogmoto.com","robots":{"index":"index","follow":"follow","max-snippet":"max-snippet:-1","max-image-preview":"max-image-preview:large","max-video-preview":"max-video-preview:-1"},"canonical":"https:\/\/blogs.thesocialmedia.com\/leblogmoto\/2007\/12\/28\/album-du-vend-4-6\/","twitter_card":"summary_large_image","twitter_title":"Album du vendredi, Illustrations - leblogmoto.com","twitter_description":"Pour ce dernier vendredi de l&rsquo;ann\u00e9e, c&rsquo;est l&rsquo;imagination au pouvoir qui prend la sc\u00e8ne d&rsquo;assaut. Rien de tel qu&rsquo;un petit dessin pour faire passer une \u00e9motion, une id\u00e9e, un concept. Et si la vie est plus belle en couleur comme disait une pub, imaginez ce que \u00e7a peut \u00eatre quand on y ajoute ce grain [&hellip;]","twitter_image":"http:\/\/www.leblogmoto.com\/images\/2007\/12\/27\/ill1.jpg","twitter_misc":{"\u00c9crit par":"jacques lesage"},"schema":{"@context":"https:\/\/schema.org","@graph":[{"@type":"WebPage","@id":"https:\/\/blogs.thesocialmedia.com\/leblogmoto\/2007\/12\/28\/album-du-vend-4-6\/","url":"https:\/\/blogs.thesocialmedia.com\/leblogmoto\/2007\/12\/28\/album-du-vend-4-6\/","name":"Album du vendredi, Illustrations - leblogmoto.com","isPartOf":{"@id":"https:\/\/blogs.thesocialmedia.com\/leblogmoto\/#website"},"primaryImageOfPage":{"@id":"https:\/\/blogs.thesocialmedia.com\/leblogmoto\/2007\/12\/28\/album-du-vend-4-6\/#primaryimage"},"image":{"@id":"https:\/\/blogs.thesocialmedia.com\/leblogmoto\/2007\/12\/28\/album-du-vend-4-6\/#primaryimage"},"thumbnailUrl":"http:\/\/www.leblogmoto.com\/images\/2007\/12\/27\/ill1.jpg","datePublished":"2007-12-28T03:52:17+00:00","dateModified":"2012-07-11T15:08:45+00:00","author":{"@id":"https:\/\/blogs.thesocialmedia.com\/leblogmoto\/#\/schema\/person\/e82a0ca8a9a63d031586097a3ed58526"},"breadcrumb":{"@id":"https:\/\/blogs.thesocialmedia.com\/leblogmoto\/2007\/12\/28\/album-du-vend-4-6\/#breadcrumb"},"inLanguage":"fr-FR","potentialAction":[{"@type":"ReadAction","target":["https:\/\/blogs.thesocialmedia.com\/leblogmoto\/2007\/12\/28\/album-du-vend-4-6\/"]}]},{"@type":"ImageObject","inLanguage":"fr-FR","@id":"https:\/\/blogs.thesocialmedia.com\/leblogmoto\/2007\/12\/28\/album-du-vend-4-6\/#primaryimage","url":"http:\/\/www.leblogmoto.com\/images\/2007\/12\/27\/ill1.jpg","contentUrl":"http:\/\/www.leblogmoto.com\/images\/2007\/12\/27\/ill1.jpg"},{"@type":"BreadcrumbList","@id":"https:\/\/blogs.thesocialmedia.com\/leblogmoto\/2007\/12\/28\/album-du-vend-4-6\/#breadcrumb","itemListElement":[{"@type":"ListItem","position":1,"name":"Accueil","item":"https:\/\/blogs.thesocialmedia.com\/leblogmoto\/"},{"@type":"ListItem","position":2,"name":"Album du vendredi, Illustrations"}]},{"@type":"WebSite","@id":"https:\/\/blogs.thesocialmedia.com\/leblogmoto\/#website","url":"https:\/\/blogs.thesocialmedia.com\/leblogmoto\/","name":"leblogmoto","description":"Toute l&#039;actualit\u00e9 des 2 roues","potentialAction":[{"@type":"SearchAction","target":{"@type":"EntryPoint","urlTemplate":"https:\/\/blogs.thesocialmedia.com\/leblogmoto\/?s={search_term_string}"},"query-input":{"@type":"PropertyValueSpecification","valueRequired":true,"valueName":"search_term_string"}}],"inLanguage":"fr-FR"},{"@type":"Person","@id":"https:\/\/blogs.thesocialmedia.com\/leblogmoto\/#\/schema\/person\/e82a0ca8a9a63d031586097a3ed58526","name":"jacques lesage","image":{"@type":"ImageObject","inLanguage":"fr-FR","@id":"https:\/\/blogs.thesocialmedia.com\/leblogmoto\/#\/schema\/person\/image\/","url":"https:\/\/secure.gravatar.com\/avatar\/?s=96&d=mm&r=g","contentUrl":"https:\/\/secure.gravatar.com\/avatar\/?s=96&d=mm&r=g","caption":"jacques lesage"},"url":"https:\/\/blogs.thesocialmedia.com\/leblogmoto\/author\/jacques-lesage\/"}]}},"_links":{"self":[{"href":"https:\/\/blogs.thesocialmedia.com\/leblogmoto\/wp-json\/wp\/v2\/posts\/992","targetHints":{"allow":["GET"]}}],"collection":[{"href":"https:\/\/blogs.thesocialmedia.com\/leblogmoto\/wp-json\/wp\/v2\/posts"}],"about":[{"href":"https:\/\/blogs.thesocialmedia.com\/leblogmoto\/wp-json\/wp\/v2\/types\/post"}],"author":[{"embeddable":true,"href":"https:\/\/blogs.thesocialmedia.com\/leblogmoto\/wp-json\/wp\/v2\/users\/325"}],"replies":[{"embeddable":true,"href":"https:\/\/blogs.thesocialmedia.com\/leblogmoto\/wp-json\/wp\/v2\/comments?post=992"}],"version-history":[{"count":2,"href":"https:\/\/blogs.thesocialmedia.com\/leblogmoto\/wp-json\/wp\/v2\/posts\/992\/revisions"}],"predecessor-version":[{"id":9541,"href":"https:\/\/blogs.thesocialmedia.com\/leblogmoto\/wp-json\/wp\/v2\/posts\/992\/revisions\/9541"}],"wp:attachment":[{"href":"https:\/\/blogs.thesocialmedia.com\/leblogmoto\/wp-json\/wp\/v2\/media?parent=992"}],"wp:term":[{"taxonomy":"category","embeddable":true,"href":"https:\/\/blogs.thesocialmedia.com\/leblogmoto\/wp-json\/wp\/v2\/categories?post=992"},{"taxonomy":"post_tag","embeddable":true,"href":"https:\/\/blogs.thesocialmedia.com\/leblogmoto\/wp-json\/wp\/v2\/tags?post=992"}],"curies":[{"name":"wp","href":"https:\/\/api.w.org\/{rel}","templated":true}]}}