{"id":994,"date":"2007-12-26T15:03:27","date_gmt":"2007-12-26T15:03:27","guid":{"rendered":"http:\/\/blogs.thesocialmedia.com\/leblogmoto\/2007\/12\/26\/vido-prsentatio\/"},"modified":"2012-07-11T15:08:00","modified_gmt":"2012-07-11T15:08:00","slug":"vido-prsentatio","status":"publish","type":"post","link":"https:\/\/blogs.thesocialmedia.com\/leblogmoto\/2007\/12\/26\/vido-prsentatio\/","title":{"rendered":"Vid\u00e9o : Pr\u00e9sentation de la Ducati Desmosedici RR"},"content":{"rendered":"<p><a href=\"http:\/\/blogs.thesocialmedia.com\/leblogmoto\/files\/2012\/07\/d16_12.jpg\"><img loading=\"lazy\" decoding=\"async\" width=\"470\" height=\"352\"  src=\"http:\/\/www.leblogmoto.com\/images\/2007\/12\/26\/d16_12.jpg\" alt=\"D16_12\" style=\"margin: 0px 5px 5px 0px;float: left\" \/><\/a>No\u00ebl est pass\u00e9 mais je n&rsquo;ai pas eu le temps de vous faire mon petit cadeau chers (ch\u00e8res) lecteurs (lectrices) du <a href=\"http:\/\/www.leblogmoto.com\">Blog Moto<\/a>.<\/p>\n<p>Tout d&rsquo;abord, je souhaite remercier Moto Journal pour sa contribution \u00e0 ce cadeau que je vais vous faire. Puisqu&rsquo;il s&rsquo;agit de la pr\u00e9sentation de la <a href=\"http:\/\/www.ducati.fr\">Ducati<\/a>&nbsp; Desmosedici RR (&#8230;ou pas). <br \/>Je vous laisse donc vous d\u00e9tendre et savourer l&rsquo;instant : <\/p>\n<div><object width=\"470\" height=\"331\"><param name=\"movie\" value=\"http:\/\/www.dailymotion.com\/swf\/x2yxeq\" \/><param name=\"allowFullScreen\" value=\"true\" \/><param name=\"allowScriptAccess\" value=\"always\" \/><embed width=\"470\" height=\"331\" src=\"http:\/\/www.dailymotion.com\/swf\/x2yxeq\" type=\"application\/x-shockwave-flash\"><\/embed><\/object><br \/><strong><a href=\"http:\/\/www.dailymotion.com\/video\/x2yxeq_presentation-de-la-ducati-d16-rr-de_extreme\">Pr\u00e9sentation de la Ducati D16 RR Desmosedici<\/a><\/strong><br \/>Source :&nbsp; <a href=\"http:\/\/www.dailymotion.com\/moto-journal\">moto-journal<\/a><\/div>\n","protected":false},"excerpt":{"rendered":"<p>No\u00ebl est pass\u00e9 mais je n&rsquo;ai pas eu le temps de vous faire mon petit cadeau chers (ch\u00e8res) lecteurs (lectrices) du Blog Moto. Tout d&rsquo;abord, je souhaite remercier Moto Journal pour sa contribution \u00e0 ce cadeau que je vais vous faire. Puisqu&rsquo;il s&rsquo;agit de la pr\u00e9sentation de la Ducati&nbsp; Desmosedici RR (&#8230;ou pas). Je vous [&hellip;]<\/p>\n","protected":false},"author":329,"featured_media":0,"comment_status":"open","ping_status":"open","sticky":false,"template":"","format":"standard","meta":{"footnotes":""},"categories":[41,12],"tags":[],"class_list":["post-994","post","type-post","status-publish","format-standard","hentry","category-ducati","category-videos"],"yoast_head":"<!-- This site is optimized with the Yoast SEO plugin v26.0 - https:\/\/yoast.com\/wordpress\/plugins\/seo\/ -->\n<title>Vid\u00e9o : Pr\u00e9sentation de la Ducati Desmosedici RR - leblogmoto.com<\/title>\n<meta name=\"robots\" content=\"index, follow, max-snippet:-1, max-image-preview:large, max-video-preview:-1\" \/>\n<link rel=\"canonical\" href=\"https:\/\/blogs.thesocialmedia.com\/leblogmoto\/2007\/12\/26\/vido-prsentatio\/\" \/>\n<meta name=\"twitter:card\" content=\"summary_large_image\" \/>\n<meta name=\"twitter:title\" content=\"Vid\u00e9o : Pr\u00e9sentation de la Ducati Desmosedici RR - leblogmoto.com\" \/>\n<meta name=\"twitter:description\" content=\"No\u00ebl est pass\u00e9 mais je n&rsquo;ai pas eu le temps de vous faire mon petit cadeau chers (ch\u00e8res) lecteurs (lectrices) du Blog Moto. Tout d&rsquo;abord, je souhaite remercier Moto Journal pour sa contribution \u00e0 ce cadeau que je vais vous faire. Puisqu&rsquo;il s&rsquo;agit de la pr\u00e9sentation de la Ducati&nbsp; Desmosedici RR (&#8230;ou pas). Je vous [&hellip;]\" \/>\n<meta name=\"twitter:image\" content=\"http:\/\/www.leblogmoto.com\/images\/2007\/12\/26\/d16_12.jpg\" \/>\n<meta name=\"twitter:label1\" content=\"\u00c9crit par\" \/>\n\t<meta name=\"twitter:data1\" content=\"gregory boucaud\" \/>\n<script type=\"application\/ld+json\" class=\"yoast-schema-graph\">{\"@context\":\"https:\/\/schema.org\",\"@graph\":[{\"@type\":\"WebPage\",\"@id\":\"https:\/\/blogs.thesocialmedia.com\/leblogmoto\/2007\/12\/26\/vido-prsentatio\/\",\"url\":\"https:\/\/blogs.thesocialmedia.com\/leblogmoto\/2007\/12\/26\/vido-prsentatio\/\",\"name\":\"Vid\u00e9o : Pr\u00e9sentation de la Ducati Desmosedici RR - leblogmoto.com\",\"isPartOf\":{\"@id\":\"https:\/\/blogs.thesocialmedia.com\/leblogmoto\/#website\"},\"primaryImageOfPage\":{\"@id\":\"https:\/\/blogs.thesocialmedia.com\/leblogmoto\/2007\/12\/26\/vido-prsentatio\/#primaryimage\"},\"image\":{\"@id\":\"https:\/\/blogs.thesocialmedia.com\/leblogmoto\/2007\/12\/26\/vido-prsentatio\/#primaryimage\"},\"thumbnailUrl\":\"http:\/\/www.leblogmoto.com\/images\/2007\/12\/26\/d16_12.jpg\",\"datePublished\":\"2007-12-26T15:03:27+00:00\",\"dateModified\":\"2012-07-11T15:08:00+00:00\",\"author\":{\"@id\":\"https:\/\/blogs.thesocialmedia.com\/leblogmoto\/#\/schema\/person\/769623f89741cc3381675029a37764f8\"},\"breadcrumb\":{\"@id\":\"https:\/\/blogs.thesocialmedia.com\/leblogmoto\/2007\/12\/26\/vido-prsentatio\/#breadcrumb\"},\"inLanguage\":\"fr-FR\",\"potentialAction\":[{\"@type\":\"ReadAction\",\"target\":[\"https:\/\/blogs.thesocialmedia.com\/leblogmoto\/2007\/12\/26\/vido-prsentatio\/\"]}]},{\"@type\":\"ImageObject\",\"inLanguage\":\"fr-FR\",\"@id\":\"https:\/\/blogs.thesocialmedia.com\/leblogmoto\/2007\/12\/26\/vido-prsentatio\/#primaryimage\",\"url\":\"http:\/\/www.leblogmoto.com\/images\/2007\/12\/26\/d16_12.jpg\",\"contentUrl\":\"http:\/\/www.leblogmoto.com\/images\/2007\/12\/26\/d16_12.jpg\"},{\"@type\":\"BreadcrumbList\",\"@id\":\"https:\/\/blogs.thesocialmedia.com\/leblogmoto\/2007\/12\/26\/vido-prsentatio\/#breadcrumb\",\"itemListElement\":[{\"@type\":\"ListItem\",\"position\":1,\"name\":\"Accueil\",\"item\":\"https:\/\/blogs.thesocialmedia.com\/leblogmoto\/\"},{\"@type\":\"ListItem\",\"position\":2,\"name\":\"Vid\u00e9o : Pr\u00e9sentation de la Ducati Desmosedici RR\"}]},{\"@type\":\"WebSite\",\"@id\":\"https:\/\/blogs.thesocialmedia.com\/leblogmoto\/#website\",\"url\":\"https:\/\/blogs.thesocialmedia.com\/leblogmoto\/\",\"name\":\"leblogmoto\",\"description\":\"Toute l&#039;actualit\u00e9 des 2 roues\",\"potentialAction\":[{\"@type\":\"SearchAction\",\"target\":{\"@type\":\"EntryPoint\",\"urlTemplate\":\"https:\/\/blogs.thesocialmedia.com\/leblogmoto\/?s={search_term_string}\"},\"query-input\":{\"@type\":\"PropertyValueSpecification\",\"valueRequired\":true,\"valueName\":\"search_term_string\"}}],\"inLanguage\":\"fr-FR\"},{\"@type\":\"Person\",\"@id\":\"https:\/\/blogs.thesocialmedia.com\/leblogmoto\/#\/schema\/person\/769623f89741cc3381675029a37764f8\",\"name\":\"gregory boucaud\",\"image\":{\"@type\":\"ImageObject\",\"inLanguage\":\"fr-FR\",\"@id\":\"https:\/\/blogs.thesocialmedia.com\/leblogmoto\/#\/schema\/person\/image\/\",\"url\":\"https:\/\/secure.gravatar.com\/avatar\/?s=96&d=mm&r=g\",\"contentUrl\":\"https:\/\/secure.gravatar.com\/avatar\/?s=96&d=mm&r=g\",\"caption\":\"gregory boucaud\"},\"url\":\"https:\/\/blogs.thesocialmedia.com\/leblogmoto\/author\/gregory-boucaud\/\"}]}<\/script>\n<!-- \/ Yoast SEO plugin. -->","yoast_head_json":{"title":"Vid\u00e9o : Pr\u00e9sentation de la Ducati Desmosedici RR - leblogmoto.com","robots":{"index":"index","follow":"follow","max-snippet":"max-snippet:-1","max-image-preview":"max-image-preview:large","max-video-preview":"max-video-preview:-1"},"canonical":"https:\/\/blogs.thesocialmedia.com\/leblogmoto\/2007\/12\/26\/vido-prsentatio\/","twitter_card":"summary_large_image","twitter_title":"Vid\u00e9o : Pr\u00e9sentation de la Ducati Desmosedici RR - leblogmoto.com","twitter_description":"No\u00ebl est pass\u00e9 mais je n&rsquo;ai pas eu le temps de vous faire mon petit cadeau chers (ch\u00e8res) lecteurs (lectrices) du Blog Moto. Tout d&rsquo;abord, je souhaite remercier Moto Journal pour sa contribution \u00e0 ce cadeau que je vais vous faire. Puisqu&rsquo;il s&rsquo;agit de la pr\u00e9sentation de la Ducati&nbsp; Desmosedici RR (&#8230;ou pas). Je vous [&hellip;]","twitter_image":"http:\/\/www.leblogmoto.com\/images\/2007\/12\/26\/d16_12.jpg","twitter_misc":{"\u00c9crit par":"gregory boucaud"},"schema":{"@context":"https:\/\/schema.org","@graph":[{"@type":"WebPage","@id":"https:\/\/blogs.thesocialmedia.com\/leblogmoto\/2007\/12\/26\/vido-prsentatio\/","url":"https:\/\/blogs.thesocialmedia.com\/leblogmoto\/2007\/12\/26\/vido-prsentatio\/","name":"Vid\u00e9o : Pr\u00e9sentation de la Ducati Desmosedici RR - leblogmoto.com","isPartOf":{"@id":"https:\/\/blogs.thesocialmedia.com\/leblogmoto\/#website"},"primaryImageOfPage":{"@id":"https:\/\/blogs.thesocialmedia.com\/leblogmoto\/2007\/12\/26\/vido-prsentatio\/#primaryimage"},"image":{"@id":"https:\/\/blogs.thesocialmedia.com\/leblogmoto\/2007\/12\/26\/vido-prsentatio\/#primaryimage"},"thumbnailUrl":"http:\/\/www.leblogmoto.com\/images\/2007\/12\/26\/d16_12.jpg","datePublished":"2007-12-26T15:03:27+00:00","dateModified":"2012-07-11T15:08:00+00:00","author":{"@id":"https:\/\/blogs.thesocialmedia.com\/leblogmoto\/#\/schema\/person\/769623f89741cc3381675029a37764f8"},"breadcrumb":{"@id":"https:\/\/blogs.thesocialmedia.com\/leblogmoto\/2007\/12\/26\/vido-prsentatio\/#breadcrumb"},"inLanguage":"fr-FR","potentialAction":[{"@type":"ReadAction","target":["https:\/\/blogs.thesocialmedia.com\/leblogmoto\/2007\/12\/26\/vido-prsentatio\/"]}]},{"@type":"ImageObject","inLanguage":"fr-FR","@id":"https:\/\/blogs.thesocialmedia.com\/leblogmoto\/2007\/12\/26\/vido-prsentatio\/#primaryimage","url":"http:\/\/www.leblogmoto.com\/images\/2007\/12\/26\/d16_12.jpg","contentUrl":"http:\/\/www.leblogmoto.com\/images\/2007\/12\/26\/d16_12.jpg"},{"@type":"BreadcrumbList","@id":"https:\/\/blogs.thesocialmedia.com\/leblogmoto\/2007\/12\/26\/vido-prsentatio\/#breadcrumb","itemListElement":[{"@type":"ListItem","position":1,"name":"Accueil","item":"https:\/\/blogs.thesocialmedia.com\/leblogmoto\/"},{"@type":"ListItem","position":2,"name":"Vid\u00e9o : Pr\u00e9sentation de la Ducati Desmosedici RR"}]},{"@type":"WebSite","@id":"https:\/\/blogs.thesocialmedia.com\/leblogmoto\/#website","url":"https:\/\/blogs.thesocialmedia.com\/leblogmoto\/","name":"leblogmoto","description":"Toute l&#039;actualit\u00e9 des 2 roues","potentialAction":[{"@type":"SearchAction","target":{"@type":"EntryPoint","urlTemplate":"https:\/\/blogs.thesocialmedia.com\/leblogmoto\/?s={search_term_string}"},"query-input":{"@type":"PropertyValueSpecification","valueRequired":true,"valueName":"search_term_string"}}],"inLanguage":"fr-FR"},{"@type":"Person","@id":"https:\/\/blogs.thesocialmedia.com\/leblogmoto\/#\/schema\/person\/769623f89741cc3381675029a37764f8","name":"gregory boucaud","image":{"@type":"ImageObject","inLanguage":"fr-FR","@id":"https:\/\/blogs.thesocialmedia.com\/leblogmoto\/#\/schema\/person\/image\/","url":"https:\/\/secure.gravatar.com\/avatar\/?s=96&d=mm&r=g","contentUrl":"https:\/\/secure.gravatar.com\/avatar\/?s=96&d=mm&r=g","caption":"gregory boucaud"},"url":"https:\/\/blogs.thesocialmedia.com\/leblogmoto\/author\/gregory-boucaud\/"}]}},"_links":{"self":[{"href":"https:\/\/blogs.thesocialmedia.com\/leblogmoto\/wp-json\/wp\/v2\/posts\/994","targetHints":{"allow":["GET"]}}],"collection":[{"href":"https:\/\/blogs.thesocialmedia.com\/leblogmoto\/wp-json\/wp\/v2\/posts"}],"about":[{"href":"https:\/\/blogs.thesocialmedia.com\/leblogmoto\/wp-json\/wp\/v2\/types\/post"}],"author":[{"embeddable":true,"href":"https:\/\/blogs.thesocialmedia.com\/leblogmoto\/wp-json\/wp\/v2\/users\/329"}],"replies":[{"embeddable":true,"href":"https:\/\/blogs.thesocialmedia.com\/leblogmoto\/wp-json\/wp\/v2\/comments?post=994"}],"version-history":[{"count":2,"href":"https:\/\/blogs.thesocialmedia.com\/leblogmoto\/wp-json\/wp\/v2\/posts\/994\/revisions"}],"predecessor-version":[{"id":9526,"href":"https:\/\/blogs.thesocialmedia.com\/leblogmoto\/wp-json\/wp\/v2\/posts\/994\/revisions\/9526"}],"wp:attachment":[{"href":"https:\/\/blogs.thesocialmedia.com\/leblogmoto\/wp-json\/wp\/v2\/media?parent=994"}],"wp:term":[{"taxonomy":"category","embeddable":true,"href":"https:\/\/blogs.thesocialmedia.com\/leblogmoto\/wp-json\/wp\/v2\/categories?post=994"},{"taxonomy":"post_tag","embeddable":true,"href":"https:\/\/blogs.thesocialmedia.com\/leblogmoto\/wp-json\/wp\/v2\/tags?post=994"}],"curies":[{"name":"wp","href":"https:\/\/api.w.org\/{rel}","templated":true}]}}