{"id":997,"date":"2007-12-26T13:57:47","date_gmt":"2007-12-26T13:57:47","guid":{"rendered":"http:\/\/blogs.thesocialmedia.com\/leblogmoto\/2007\/12\/26\/22me-trfle-loze\/"},"modified":"2012-07-11T15:07:51","modified_gmt":"2012-07-11T15:07:51","slug":"22me-trfle-loze","status":"publish","type":"post","link":"https:\/\/blogs.thesocialmedia.com\/leblogmoto\/2007\/12\/26\/22me-trfle-loze\/","title":{"rendered":"22\u00e8me Tr\u00e8fle Lozerien"},"content":{"rendered":"<p><a href=\"http:\/\/blogs.thesocialmedia.com\/leblogmoto\/files\/2012\/07\/tool_trefle_71.jpg\"><img loading=\"lazy\" decoding=\"async\" width=\"470\" height=\"310\"  src=\"http:\/\/www.leblogmoto.com\/images\/2007\/12\/26\/tool_trefle_71.jpg\" alt=\"Tool_trefle_71\" style=\"margin: 0px 5px 5px 0px;float: left\" \/><\/a>Pour ceux qui voudraient participer au 22\u00e8me Tr\u00e8fle Lozerien qui se d\u00e9roulera les 30, 31 mai et 1er juin 2008 au d\u00e9part de Mende, sachez que les inscriptions ouvriront le samedi 26 janvier \u00e0 23h sur le site du <a href=\"www.trefle-lozerien-amv.com\">Tr\u00e8fle Lozerien<\/a>.<\/p>\n<p>Pr\u00e9parez vous bien car l&rsquo;an dernier, les 300 places r\u00e9serv\u00e9es pour cet \u00e9v\u00e8nement ont \u00e9t\u00e9 prises en 6 minutes. <br \/>Les 300 premiers inscrits sur le site du <a href=\"www.trefle-lozerien-amv.com\">Tr\u00e8fle Lozerien<\/a> seront consid\u00e9r\u00e9s comme pr\u00e9-engag\u00e9s. Ils devront ensuite suivre la proc\u00e9dure qui leur sera envoy\u00e9e par mail pour valider leurs inscriptions et s\u2019acquitter de la somme de 285 euros pour l\u2019engagement \u00e0 l\u2019\u00e9preuve. <br \/>200 places seront r\u00e9serv\u00e9es aux pilotes internationaux, pilotes de notori\u00e9t\u00e9, partenaires et journalistes.<\/p>\n<p><strong>Fiche Technique<\/strong><br \/> \u2022 3 boucles en forme de Tr\u00e8fle de Mende \u00e0 Mende<br \/> \u2022 200 km par jour, 15 sp\u00e9ciales de tous types : banderol\u00e9es, lignes, en groupe<\/p>\n<p><strong> Parcours<\/strong><br \/> \u2022 Jeudi 29 mai : v\u00e9rifications administratives et techniques<br \/> \u2022 Vendredi 30 mai : circuit des Gorges du Tarn<br \/> \u2022 Samedi 31 mai : circuit de la Margeride<br \/> \u2022 Dimanche 1er mai : circuit du G\u00e9vaudan<\/p>\n<p> Source : <a href=\"www.trefle-lozerien-amv.com\">Tr\u00e8fle Lozerien<\/a><\/p>\n","protected":false},"excerpt":{"rendered":"<p>Pour ceux qui voudraient participer au 22\u00e8me Tr\u00e8fle Lozerien qui se d\u00e9roulera les 30, 31 mai et 1er juin 2008 au d\u00e9part de Mende, sachez que les inscriptions ouvriront le samedi 26 janvier \u00e0 23h sur le site du Tr\u00e8fle Lozerien. Pr\u00e9parez vous bien car l&rsquo;an dernier, les 300 places r\u00e9serv\u00e9es pour cet \u00e9v\u00e8nement ont [&hellip;]<\/p>\n","protected":false},"author":329,"featured_media":0,"comment_status":"open","ping_status":"open","sticky":false,"template":"","format":"standard","meta":{"footnotes":""},"categories":[3,13,66],"tags":[],"class_list":["post-997","post","type-post","status-publish","format-standard","hentry","category-actualite","category-aventure","category-moto-cross"],"yoast_head":"<!-- This site is optimized with the Yoast SEO plugin v26.0 - https:\/\/yoast.com\/wordpress\/plugins\/seo\/ -->\n<title>22\u00e8me Tr\u00e8fle Lozerien - leblogmoto.com<\/title>\n<meta name=\"robots\" content=\"index, follow, max-snippet:-1, max-image-preview:large, max-video-preview:-1\" \/>\n<link rel=\"canonical\" href=\"https:\/\/blogs.thesocialmedia.com\/leblogmoto\/2007\/12\/26\/22me-trfle-loze\/\" \/>\n<meta name=\"twitter:card\" content=\"summary_large_image\" \/>\n<meta name=\"twitter:title\" content=\"22\u00e8me Tr\u00e8fle Lozerien - leblogmoto.com\" \/>\n<meta name=\"twitter:description\" content=\"Pour ceux qui voudraient participer au 22\u00e8me Tr\u00e8fle Lozerien qui se d\u00e9roulera les 30, 31 mai et 1er juin 2008 au d\u00e9part de Mende, sachez que les inscriptions ouvriront le samedi 26 janvier \u00e0 23h sur le site du Tr\u00e8fle Lozerien. Pr\u00e9parez vous bien car l&rsquo;an dernier, les 300 places r\u00e9serv\u00e9es pour cet \u00e9v\u00e8nement ont [&hellip;]\" \/>\n<meta name=\"twitter:image\" content=\"http:\/\/www.leblogmoto.com\/images\/2007\/12\/26\/tool_trefle_71.jpg\" \/>\n<meta name=\"twitter:label1\" content=\"\u00c9crit par\" \/>\n\t<meta name=\"twitter:data1\" content=\"gregory boucaud\" \/>\n\t<meta name=\"twitter:label2\" content=\"Dur\u00e9e de lecture estim\u00e9e\" \/>\n\t<meta name=\"twitter:data2\" content=\"1 minute\" \/>\n<script type=\"application\/ld+json\" class=\"yoast-schema-graph\">{\"@context\":\"https:\/\/schema.org\",\"@graph\":[{\"@type\":\"WebPage\",\"@id\":\"https:\/\/blogs.thesocialmedia.com\/leblogmoto\/2007\/12\/26\/22me-trfle-loze\/\",\"url\":\"https:\/\/blogs.thesocialmedia.com\/leblogmoto\/2007\/12\/26\/22me-trfle-loze\/\",\"name\":\"22\u00e8me Tr\u00e8fle Lozerien - leblogmoto.com\",\"isPartOf\":{\"@id\":\"https:\/\/blogs.thesocialmedia.com\/leblogmoto\/#website\"},\"primaryImageOfPage\":{\"@id\":\"https:\/\/blogs.thesocialmedia.com\/leblogmoto\/2007\/12\/26\/22me-trfle-loze\/#primaryimage\"},\"image\":{\"@id\":\"https:\/\/blogs.thesocialmedia.com\/leblogmoto\/2007\/12\/26\/22me-trfle-loze\/#primaryimage\"},\"thumbnailUrl\":\"http:\/\/www.leblogmoto.com\/images\/2007\/12\/26\/tool_trefle_71.jpg\",\"datePublished\":\"2007-12-26T13:57:47+00:00\",\"dateModified\":\"2012-07-11T15:07:51+00:00\",\"author\":{\"@id\":\"https:\/\/blogs.thesocialmedia.com\/leblogmoto\/#\/schema\/person\/769623f89741cc3381675029a37764f8\"},\"breadcrumb\":{\"@id\":\"https:\/\/blogs.thesocialmedia.com\/leblogmoto\/2007\/12\/26\/22me-trfle-loze\/#breadcrumb\"},\"inLanguage\":\"fr-FR\",\"potentialAction\":[{\"@type\":\"ReadAction\",\"target\":[\"https:\/\/blogs.thesocialmedia.com\/leblogmoto\/2007\/12\/26\/22me-trfle-loze\/\"]}]},{\"@type\":\"ImageObject\",\"inLanguage\":\"fr-FR\",\"@id\":\"https:\/\/blogs.thesocialmedia.com\/leblogmoto\/2007\/12\/26\/22me-trfle-loze\/#primaryimage\",\"url\":\"http:\/\/www.leblogmoto.com\/images\/2007\/12\/26\/tool_trefle_71.jpg\",\"contentUrl\":\"http:\/\/www.leblogmoto.com\/images\/2007\/12\/26\/tool_trefle_71.jpg\"},{\"@type\":\"BreadcrumbList\",\"@id\":\"https:\/\/blogs.thesocialmedia.com\/leblogmoto\/2007\/12\/26\/22me-trfle-loze\/#breadcrumb\",\"itemListElement\":[{\"@type\":\"ListItem\",\"position\":1,\"name\":\"Accueil\",\"item\":\"https:\/\/blogs.thesocialmedia.com\/leblogmoto\/\"},{\"@type\":\"ListItem\",\"position\":2,\"name\":\"22\u00e8me Tr\u00e8fle Lozerien\"}]},{\"@type\":\"WebSite\",\"@id\":\"https:\/\/blogs.thesocialmedia.com\/leblogmoto\/#website\",\"url\":\"https:\/\/blogs.thesocialmedia.com\/leblogmoto\/\",\"name\":\"leblogmoto\",\"description\":\"Toute l&#039;actualit\u00e9 des 2 roues\",\"potentialAction\":[{\"@type\":\"SearchAction\",\"target\":{\"@type\":\"EntryPoint\",\"urlTemplate\":\"https:\/\/blogs.thesocialmedia.com\/leblogmoto\/?s={search_term_string}\"},\"query-input\":{\"@type\":\"PropertyValueSpecification\",\"valueRequired\":true,\"valueName\":\"search_term_string\"}}],\"inLanguage\":\"fr-FR\"},{\"@type\":\"Person\",\"@id\":\"https:\/\/blogs.thesocialmedia.com\/leblogmoto\/#\/schema\/person\/769623f89741cc3381675029a37764f8\",\"name\":\"gregory boucaud\",\"image\":{\"@type\":\"ImageObject\",\"inLanguage\":\"fr-FR\",\"@id\":\"https:\/\/blogs.thesocialmedia.com\/leblogmoto\/#\/schema\/person\/image\/\",\"url\":\"https:\/\/secure.gravatar.com\/avatar\/?s=96&d=mm&r=g\",\"contentUrl\":\"https:\/\/secure.gravatar.com\/avatar\/?s=96&d=mm&r=g\",\"caption\":\"gregory boucaud\"},\"url\":\"https:\/\/blogs.thesocialmedia.com\/leblogmoto\/author\/gregory-boucaud\/\"}]}<\/script>\n<!-- \/ Yoast SEO plugin. -->","yoast_head_json":{"title":"22\u00e8me Tr\u00e8fle Lozerien - leblogmoto.com","robots":{"index":"index","follow":"follow","max-snippet":"max-snippet:-1","max-image-preview":"max-image-preview:large","max-video-preview":"max-video-preview:-1"},"canonical":"https:\/\/blogs.thesocialmedia.com\/leblogmoto\/2007\/12\/26\/22me-trfle-loze\/","twitter_card":"summary_large_image","twitter_title":"22\u00e8me Tr\u00e8fle Lozerien - leblogmoto.com","twitter_description":"Pour ceux qui voudraient participer au 22\u00e8me Tr\u00e8fle Lozerien qui se d\u00e9roulera les 30, 31 mai et 1er juin 2008 au d\u00e9part de Mende, sachez que les inscriptions ouvriront le samedi 26 janvier \u00e0 23h sur le site du Tr\u00e8fle Lozerien. Pr\u00e9parez vous bien car l&rsquo;an dernier, les 300 places r\u00e9serv\u00e9es pour cet \u00e9v\u00e8nement ont [&hellip;]","twitter_image":"http:\/\/www.leblogmoto.com\/images\/2007\/12\/26\/tool_trefle_71.jpg","twitter_misc":{"\u00c9crit par":"gregory boucaud","Dur\u00e9e de lecture estim\u00e9e":"1 minute"},"schema":{"@context":"https:\/\/schema.org","@graph":[{"@type":"WebPage","@id":"https:\/\/blogs.thesocialmedia.com\/leblogmoto\/2007\/12\/26\/22me-trfle-loze\/","url":"https:\/\/blogs.thesocialmedia.com\/leblogmoto\/2007\/12\/26\/22me-trfle-loze\/","name":"22\u00e8me Tr\u00e8fle Lozerien - leblogmoto.com","isPartOf":{"@id":"https:\/\/blogs.thesocialmedia.com\/leblogmoto\/#website"},"primaryImageOfPage":{"@id":"https:\/\/blogs.thesocialmedia.com\/leblogmoto\/2007\/12\/26\/22me-trfle-loze\/#primaryimage"},"image":{"@id":"https:\/\/blogs.thesocialmedia.com\/leblogmoto\/2007\/12\/26\/22me-trfle-loze\/#primaryimage"},"thumbnailUrl":"http:\/\/www.leblogmoto.com\/images\/2007\/12\/26\/tool_trefle_71.jpg","datePublished":"2007-12-26T13:57:47+00:00","dateModified":"2012-07-11T15:07:51+00:00","author":{"@id":"https:\/\/blogs.thesocialmedia.com\/leblogmoto\/#\/schema\/person\/769623f89741cc3381675029a37764f8"},"breadcrumb":{"@id":"https:\/\/blogs.thesocialmedia.com\/leblogmoto\/2007\/12\/26\/22me-trfle-loze\/#breadcrumb"},"inLanguage":"fr-FR","potentialAction":[{"@type":"ReadAction","target":["https:\/\/blogs.thesocialmedia.com\/leblogmoto\/2007\/12\/26\/22me-trfle-loze\/"]}]},{"@type":"ImageObject","inLanguage":"fr-FR","@id":"https:\/\/blogs.thesocialmedia.com\/leblogmoto\/2007\/12\/26\/22me-trfle-loze\/#primaryimage","url":"http:\/\/www.leblogmoto.com\/images\/2007\/12\/26\/tool_trefle_71.jpg","contentUrl":"http:\/\/www.leblogmoto.com\/images\/2007\/12\/26\/tool_trefle_71.jpg"},{"@type":"BreadcrumbList","@id":"https:\/\/blogs.thesocialmedia.com\/leblogmoto\/2007\/12\/26\/22me-trfle-loze\/#breadcrumb","itemListElement":[{"@type":"ListItem","position":1,"name":"Accueil","item":"https:\/\/blogs.thesocialmedia.com\/leblogmoto\/"},{"@type":"ListItem","position":2,"name":"22\u00e8me Tr\u00e8fle Lozerien"}]},{"@type":"WebSite","@id":"https:\/\/blogs.thesocialmedia.com\/leblogmoto\/#website","url":"https:\/\/blogs.thesocialmedia.com\/leblogmoto\/","name":"leblogmoto","description":"Toute l&#039;actualit\u00e9 des 2 roues","potentialAction":[{"@type":"SearchAction","target":{"@type":"EntryPoint","urlTemplate":"https:\/\/blogs.thesocialmedia.com\/leblogmoto\/?s={search_term_string}"},"query-input":{"@type":"PropertyValueSpecification","valueRequired":true,"valueName":"search_term_string"}}],"inLanguage":"fr-FR"},{"@type":"Person","@id":"https:\/\/blogs.thesocialmedia.com\/leblogmoto\/#\/schema\/person\/769623f89741cc3381675029a37764f8","name":"gregory boucaud","image":{"@type":"ImageObject","inLanguage":"fr-FR","@id":"https:\/\/blogs.thesocialmedia.com\/leblogmoto\/#\/schema\/person\/image\/","url":"https:\/\/secure.gravatar.com\/avatar\/?s=96&d=mm&r=g","contentUrl":"https:\/\/secure.gravatar.com\/avatar\/?s=96&d=mm&r=g","caption":"gregory boucaud"},"url":"https:\/\/blogs.thesocialmedia.com\/leblogmoto\/author\/gregory-boucaud\/"}]}},"_links":{"self":[{"href":"https:\/\/blogs.thesocialmedia.com\/leblogmoto\/wp-json\/wp\/v2\/posts\/997","targetHints":{"allow":["GET"]}}],"collection":[{"href":"https:\/\/blogs.thesocialmedia.com\/leblogmoto\/wp-json\/wp\/v2\/posts"}],"about":[{"href":"https:\/\/blogs.thesocialmedia.com\/leblogmoto\/wp-json\/wp\/v2\/types\/post"}],"author":[{"embeddable":true,"href":"https:\/\/blogs.thesocialmedia.com\/leblogmoto\/wp-json\/wp\/v2\/users\/329"}],"replies":[{"embeddable":true,"href":"https:\/\/blogs.thesocialmedia.com\/leblogmoto\/wp-json\/wp\/v2\/comments?post=997"}],"version-history":[{"count":2,"href":"https:\/\/blogs.thesocialmedia.com\/leblogmoto\/wp-json\/wp\/v2\/posts\/997\/revisions"}],"predecessor-version":[{"id":9520,"href":"https:\/\/blogs.thesocialmedia.com\/leblogmoto\/wp-json\/wp\/v2\/posts\/997\/revisions\/9520"}],"wp:attachment":[{"href":"https:\/\/blogs.thesocialmedia.com\/leblogmoto\/wp-json\/wp\/v2\/media?parent=997"}],"wp:term":[{"taxonomy":"category","embeddable":true,"href":"https:\/\/blogs.thesocialmedia.com\/leblogmoto\/wp-json\/wp\/v2\/categories?post=997"},{"taxonomy":"post_tag","embeddable":true,"href":"https:\/\/blogs.thesocialmedia.com\/leblogmoto\/wp-json\/wp\/v2\/tags?post=997"}],"curies":[{"name":"wp","href":"https:\/\/api.w.org\/{rel}","templated":true}]}}