{"id":998,"date":"2007-12-26T13:44:36","date_gmt":"2007-12-26T13:44:36","guid":{"rendered":"http:\/\/blogs.thesocialmedia.com\/leblogmoto\/2007\/12\/26\/motards-belges\/"},"modified":"2012-07-11T15:07:49","modified_gmt":"2012-07-11T15:07:49","slug":"motards-belges","status":"publish","type":"post","link":"https:\/\/blogs.thesocialmedia.com\/leblogmoto\/2007\/12\/26\/motards-belges\/","title":{"rendered":"Motards et statistiques&#8230;"},"content":{"rendered":"<p><a href=\"http:\/\/blogs.thesocialmedia.com\/leblogmoto\/files\/2012\/07\/affiche_restez_motard_a_moto.jpg\"><img loading=\"lazy\" decoding=\"async\" width=\"470\" height=\"312\"  src=\"http:\/\/www.leblogmoto.com\/images\/2007\/12\/25\/affiche_restez_motard_a_moto.jpg\" alt=\"Affiche_restez_motard_a_moto\" style=\"margin: 0px 5px 5px 0px;float: left\" \/><\/a>Selon le <a href=\"http:\/\/www.etsc.be\/home.php\">European Transport Safety Council<\/a> (ETSC), un motocycliste a 18 fois plus de chances de mourir sur la route qu&rsquo;un automobiliste.<\/p>\n<p>Avec une moyenne de 30 \u00e0 45 morts par milliard de kilom\u00e8tres parcourus, la Nov\u00e8ge, la Suisse, le Danemark et la Finlande sont les pays les plus s\u00fbrs pour les motards. Vient ensuite l&rsquo;Allemagne, le Portugal, l&rsquo;Autriche, la Su\u00e8de et la Gr\u00e8ce qui obtiennent un score juste sous la moyenne europ\u00e9enne de 86 motards morts par milliard de kilom\u00e8tres parcourus. Puis l&rsquo;Espagne, l&rsquo;Irlande, les Pays-Bas, la Grande-Bretagne, la Belgique, la France l&rsquo;Estonie et la Pologne sont au dessus de la moyenne de 86 morts mais en dessous de 200 victimes par milliard de kilom\u00e8tres parcourus. En dernier, on trouve la Hongrie, la Tch\u00e9quie et la Slov\u00e9nie avec de plus de 200 morts.<\/p>\n<p>Cet histogramme r\u00e9sume ce que je viens de vous dire&#8230; <\/p>\n<p><a href=\"http:\/\/clabedan.typepad.com\/.shared\/image.html?\/photos\/uncategorized\/2007\/12\/25\/tableau_nb_morts.jpg\"><img loading=\"lazy\" decoding=\"async\" width=\"470\" height=\"242\"  src=\"http:\/\/www.leblogmoto.com\/images\/2007\/12\/25\/tableau_nb_morts.jpg\" alt=\"Tableau_nb_morts\" style=\"margin: 0px 5px 5px 0px;float: left\" \/><\/a> <\/p>\n<p>N\u00e9anmoins en dehors de ces statistiques, restez vigilants car la m\u00e9t\u00e9o est peu cl\u00e9mente&#8230;<\/p>\n<p>Source : <a href=\"http:\/\/www.etsc.be\/home.php\"><span style=\"text-decoration: underline\">ETSC<\/span><\/a><a href=\"http:\/\/www.levif.be\">&nbsp;<\/a><\/p>\n","protected":false},"excerpt":{"rendered":"<p>Selon le European Transport Safety Council (ETSC), un motocycliste a 18 fois plus de chances de mourir sur la route qu&rsquo;un automobiliste. Avec une moyenne de 30 \u00e0 45 morts par milliard de kilom\u00e8tres parcourus, la Nov\u00e8ge, la Suisse, le Danemark et la Finlande sont les pays les plus s\u00fbrs pour les motards. Vient ensuite [&hellip;]<\/p>\n","protected":false},"author":329,"featured_media":0,"comment_status":"open","ping_status":"open","sticky":false,"template":"","format":"standard","meta":{"footnotes":""},"categories":[3,27],"tags":[],"class_list":["post-998","post","type-post","status-publish","format-standard","hentry","category-actualite","category-securite"],"yoast_head":"<!-- This site is optimized with the Yoast SEO plugin v26.0 - https:\/\/yoast.com\/wordpress\/plugins\/seo\/ -->\n<title>Motards et statistiques... - leblogmoto.com<\/title>\n<meta name=\"robots\" content=\"index, follow, max-snippet:-1, max-image-preview:large, max-video-preview:-1\" \/>\n<link rel=\"canonical\" href=\"https:\/\/blogs.thesocialmedia.com\/leblogmoto\/2007\/12\/26\/motards-belges\/\" \/>\n<meta name=\"twitter:card\" content=\"summary_large_image\" \/>\n<meta name=\"twitter:title\" content=\"Motards et statistiques... - leblogmoto.com\" \/>\n<meta name=\"twitter:description\" content=\"Selon le European Transport Safety Council (ETSC), un motocycliste a 18 fois plus de chances de mourir sur la route qu&rsquo;un automobiliste. Avec une moyenne de 30 \u00e0 45 morts par milliard de kilom\u00e8tres parcourus, la Nov\u00e8ge, la Suisse, le Danemark et la Finlande sont les pays les plus s\u00fbrs pour les motards. Vient ensuite [&hellip;]\" \/>\n<meta name=\"twitter:image\" content=\"http:\/\/www.leblogmoto.com\/images\/2007\/12\/25\/affiche_restez_motard_a_moto.jpg\" \/>\n<meta name=\"twitter:label1\" content=\"\u00c9crit par\" \/>\n\t<meta name=\"twitter:data1\" content=\"gregory boucaud\" \/>\n\t<meta name=\"twitter:label2\" content=\"Dur\u00e9e de lecture estim\u00e9e\" \/>\n\t<meta name=\"twitter:data2\" content=\"1 minute\" \/>\n<script type=\"application\/ld+json\" class=\"yoast-schema-graph\">{\"@context\":\"https:\/\/schema.org\",\"@graph\":[{\"@type\":\"WebPage\",\"@id\":\"https:\/\/blogs.thesocialmedia.com\/leblogmoto\/2007\/12\/26\/motards-belges\/\",\"url\":\"https:\/\/blogs.thesocialmedia.com\/leblogmoto\/2007\/12\/26\/motards-belges\/\",\"name\":\"Motards et statistiques... - leblogmoto.com\",\"isPartOf\":{\"@id\":\"https:\/\/blogs.thesocialmedia.com\/leblogmoto\/#website\"},\"primaryImageOfPage\":{\"@id\":\"https:\/\/blogs.thesocialmedia.com\/leblogmoto\/2007\/12\/26\/motards-belges\/#primaryimage\"},\"image\":{\"@id\":\"https:\/\/blogs.thesocialmedia.com\/leblogmoto\/2007\/12\/26\/motards-belges\/#primaryimage\"},\"thumbnailUrl\":\"http:\/\/www.leblogmoto.com\/images\/2007\/12\/25\/affiche_restez_motard_a_moto.jpg\",\"datePublished\":\"2007-12-26T13:44:36+00:00\",\"dateModified\":\"2012-07-11T15:07:49+00:00\",\"author\":{\"@id\":\"https:\/\/blogs.thesocialmedia.com\/leblogmoto\/#\/schema\/person\/769623f89741cc3381675029a37764f8\"},\"breadcrumb\":{\"@id\":\"https:\/\/blogs.thesocialmedia.com\/leblogmoto\/2007\/12\/26\/motards-belges\/#breadcrumb\"},\"inLanguage\":\"fr-FR\",\"potentialAction\":[{\"@type\":\"ReadAction\",\"target\":[\"https:\/\/blogs.thesocialmedia.com\/leblogmoto\/2007\/12\/26\/motards-belges\/\"]}]},{\"@type\":\"ImageObject\",\"inLanguage\":\"fr-FR\",\"@id\":\"https:\/\/blogs.thesocialmedia.com\/leblogmoto\/2007\/12\/26\/motards-belges\/#primaryimage\",\"url\":\"http:\/\/www.leblogmoto.com\/images\/2007\/12\/25\/affiche_restez_motard_a_moto.jpg\",\"contentUrl\":\"http:\/\/www.leblogmoto.com\/images\/2007\/12\/25\/affiche_restez_motard_a_moto.jpg\"},{\"@type\":\"BreadcrumbList\",\"@id\":\"https:\/\/blogs.thesocialmedia.com\/leblogmoto\/2007\/12\/26\/motards-belges\/#breadcrumb\",\"itemListElement\":[{\"@type\":\"ListItem\",\"position\":1,\"name\":\"Accueil\",\"item\":\"https:\/\/blogs.thesocialmedia.com\/leblogmoto\/\"},{\"@type\":\"ListItem\",\"position\":2,\"name\":\"Motards et statistiques&#8230;\"}]},{\"@type\":\"WebSite\",\"@id\":\"https:\/\/blogs.thesocialmedia.com\/leblogmoto\/#website\",\"url\":\"https:\/\/blogs.thesocialmedia.com\/leblogmoto\/\",\"name\":\"leblogmoto\",\"description\":\"Toute l&#039;actualit\u00e9 des 2 roues\",\"potentialAction\":[{\"@type\":\"SearchAction\",\"target\":{\"@type\":\"EntryPoint\",\"urlTemplate\":\"https:\/\/blogs.thesocialmedia.com\/leblogmoto\/?s={search_term_string}\"},\"query-input\":{\"@type\":\"PropertyValueSpecification\",\"valueRequired\":true,\"valueName\":\"search_term_string\"}}],\"inLanguage\":\"fr-FR\"},{\"@type\":\"Person\",\"@id\":\"https:\/\/blogs.thesocialmedia.com\/leblogmoto\/#\/schema\/person\/769623f89741cc3381675029a37764f8\",\"name\":\"gregory boucaud\",\"image\":{\"@type\":\"ImageObject\",\"inLanguage\":\"fr-FR\",\"@id\":\"https:\/\/blogs.thesocialmedia.com\/leblogmoto\/#\/schema\/person\/image\/\",\"url\":\"https:\/\/secure.gravatar.com\/avatar\/?s=96&d=mm&r=g\",\"contentUrl\":\"https:\/\/secure.gravatar.com\/avatar\/?s=96&d=mm&r=g\",\"caption\":\"gregory boucaud\"},\"url\":\"https:\/\/blogs.thesocialmedia.com\/leblogmoto\/author\/gregory-boucaud\/\"}]}<\/script>\n<!-- \/ Yoast SEO plugin. -->","yoast_head_json":{"title":"Motards et statistiques... - leblogmoto.com","robots":{"index":"index","follow":"follow","max-snippet":"max-snippet:-1","max-image-preview":"max-image-preview:large","max-video-preview":"max-video-preview:-1"},"canonical":"https:\/\/blogs.thesocialmedia.com\/leblogmoto\/2007\/12\/26\/motards-belges\/","twitter_card":"summary_large_image","twitter_title":"Motards et statistiques... - leblogmoto.com","twitter_description":"Selon le European Transport Safety Council (ETSC), un motocycliste a 18 fois plus de chances de mourir sur la route qu&rsquo;un automobiliste. Avec une moyenne de 30 \u00e0 45 morts par milliard de kilom\u00e8tres parcourus, la Nov\u00e8ge, la Suisse, le Danemark et la Finlande sont les pays les plus s\u00fbrs pour les motards. Vient ensuite [&hellip;]","twitter_image":"http:\/\/www.leblogmoto.com\/images\/2007\/12\/25\/affiche_restez_motard_a_moto.jpg","twitter_misc":{"\u00c9crit par":"gregory boucaud","Dur\u00e9e de lecture estim\u00e9e":"1 minute"},"schema":{"@context":"https:\/\/schema.org","@graph":[{"@type":"WebPage","@id":"https:\/\/blogs.thesocialmedia.com\/leblogmoto\/2007\/12\/26\/motards-belges\/","url":"https:\/\/blogs.thesocialmedia.com\/leblogmoto\/2007\/12\/26\/motards-belges\/","name":"Motards et statistiques... - leblogmoto.com","isPartOf":{"@id":"https:\/\/blogs.thesocialmedia.com\/leblogmoto\/#website"},"primaryImageOfPage":{"@id":"https:\/\/blogs.thesocialmedia.com\/leblogmoto\/2007\/12\/26\/motards-belges\/#primaryimage"},"image":{"@id":"https:\/\/blogs.thesocialmedia.com\/leblogmoto\/2007\/12\/26\/motards-belges\/#primaryimage"},"thumbnailUrl":"http:\/\/www.leblogmoto.com\/images\/2007\/12\/25\/affiche_restez_motard_a_moto.jpg","datePublished":"2007-12-26T13:44:36+00:00","dateModified":"2012-07-11T15:07:49+00:00","author":{"@id":"https:\/\/blogs.thesocialmedia.com\/leblogmoto\/#\/schema\/person\/769623f89741cc3381675029a37764f8"},"breadcrumb":{"@id":"https:\/\/blogs.thesocialmedia.com\/leblogmoto\/2007\/12\/26\/motards-belges\/#breadcrumb"},"inLanguage":"fr-FR","potentialAction":[{"@type":"ReadAction","target":["https:\/\/blogs.thesocialmedia.com\/leblogmoto\/2007\/12\/26\/motards-belges\/"]}]},{"@type":"ImageObject","inLanguage":"fr-FR","@id":"https:\/\/blogs.thesocialmedia.com\/leblogmoto\/2007\/12\/26\/motards-belges\/#primaryimage","url":"http:\/\/www.leblogmoto.com\/images\/2007\/12\/25\/affiche_restez_motard_a_moto.jpg","contentUrl":"http:\/\/www.leblogmoto.com\/images\/2007\/12\/25\/affiche_restez_motard_a_moto.jpg"},{"@type":"BreadcrumbList","@id":"https:\/\/blogs.thesocialmedia.com\/leblogmoto\/2007\/12\/26\/motards-belges\/#breadcrumb","itemListElement":[{"@type":"ListItem","position":1,"name":"Accueil","item":"https:\/\/blogs.thesocialmedia.com\/leblogmoto\/"},{"@type":"ListItem","position":2,"name":"Motards et statistiques&#8230;"}]},{"@type":"WebSite","@id":"https:\/\/blogs.thesocialmedia.com\/leblogmoto\/#website","url":"https:\/\/blogs.thesocialmedia.com\/leblogmoto\/","name":"leblogmoto","description":"Toute l&#039;actualit\u00e9 des 2 roues","potentialAction":[{"@type":"SearchAction","target":{"@type":"EntryPoint","urlTemplate":"https:\/\/blogs.thesocialmedia.com\/leblogmoto\/?s={search_term_string}"},"query-input":{"@type":"PropertyValueSpecification","valueRequired":true,"valueName":"search_term_string"}}],"inLanguage":"fr-FR"},{"@type":"Person","@id":"https:\/\/blogs.thesocialmedia.com\/leblogmoto\/#\/schema\/person\/769623f89741cc3381675029a37764f8","name":"gregory boucaud","image":{"@type":"ImageObject","inLanguage":"fr-FR","@id":"https:\/\/blogs.thesocialmedia.com\/leblogmoto\/#\/schema\/person\/image\/","url":"https:\/\/secure.gravatar.com\/avatar\/?s=96&d=mm&r=g","contentUrl":"https:\/\/secure.gravatar.com\/avatar\/?s=96&d=mm&r=g","caption":"gregory boucaud"},"url":"https:\/\/blogs.thesocialmedia.com\/leblogmoto\/author\/gregory-boucaud\/"}]}},"_links":{"self":[{"href":"https:\/\/blogs.thesocialmedia.com\/leblogmoto\/wp-json\/wp\/v2\/posts\/998","targetHints":{"allow":["GET"]}}],"collection":[{"href":"https:\/\/blogs.thesocialmedia.com\/leblogmoto\/wp-json\/wp\/v2\/posts"}],"about":[{"href":"https:\/\/blogs.thesocialmedia.com\/leblogmoto\/wp-json\/wp\/v2\/types\/post"}],"author":[{"embeddable":true,"href":"https:\/\/blogs.thesocialmedia.com\/leblogmoto\/wp-json\/wp\/v2\/users\/329"}],"replies":[{"embeddable":true,"href":"https:\/\/blogs.thesocialmedia.com\/leblogmoto\/wp-json\/wp\/v2\/comments?post=998"}],"version-history":[{"count":2,"href":"https:\/\/blogs.thesocialmedia.com\/leblogmoto\/wp-json\/wp\/v2\/posts\/998\/revisions"}],"predecessor-version":[{"id":9518,"href":"https:\/\/blogs.thesocialmedia.com\/leblogmoto\/wp-json\/wp\/v2\/posts\/998\/revisions\/9518"}],"wp:attachment":[{"href":"https:\/\/blogs.thesocialmedia.com\/leblogmoto\/wp-json\/wp\/v2\/media?parent=998"}],"wp:term":[{"taxonomy":"category","embeddable":true,"href":"https:\/\/blogs.thesocialmedia.com\/leblogmoto\/wp-json\/wp\/v2\/categories?post=998"},{"taxonomy":"post_tag","embeddable":true,"href":"https:\/\/blogs.thesocialmedia.com\/leblogmoto\/wp-json\/wp\/v2\/tags?post=998"}],"curies":[{"name":"wp","href":"https:\/\/api.w.org\/{rel}","templated":true}]}}